{"id":11739,"date":"2015-06-08T20:29:48","date_gmt":"2015-06-08T19:29:48","guid":{"rendered":"https:\/\/www.edder.org\/?p=11739"},"modified":"2017-06-15T23:59:11","modified_gmt":"2017-06-15T21:59:11","slug":"bajo-el-puente-sobre-el-puente","status":"publish","type":"post","link":"https:\/\/www.edder.org\/?p=11739","title":{"rendered":"Bajo el puente \/ sobre el puente"},"content":{"rendered":"<p>Ha pasado <a href=\"http:\/\/lema.rae.es\/dpd\/?key=agua\" target=\"_blank\">mucha<\/a> agua bajo el puente:<\/p>\n<p>cargando pel&iacute;cula&hellip;<\/p>\n<p style=\"text-align: center;\"><div style=\"width: 1200px;\" class=\"wp-video\"><video class=\"wp-video-shortcode\" id=\"video-11739-1\" width=\"1200\" height=\"675\" preload=\"metadata\" controls=\"controls\"><source type=\"video\/mp4\" src=\"http:\/\/edder.org\/movies\/water.m4v?_=1\" \/><a href=\"http:\/\/edder.org\/movies\/water.m4v\">http:\/\/edder.org\/movies\/water.m4v<\/a><\/video><\/div><\/p>\n<p>Federico S&aacute;nchez pasa el puente sobre el Bidasoa, una vez m&aacute;s:<\/p>\n<p style=\"text-align: center;\"><a href=\"http:\/\/youtu.be\/-AYJFPeqOnM\">http:\/\/youtu.be\/-AYJFPeqOnM<\/a><\/p>\n","protected":false},"excerpt":{"rendered":"<p>Ha pasado mucha agua bajo el puente: cargando pel&iacute;cula&hellip; Federico S&aacute;nchez pasa el puente sobre el Bidasoa, una vez m&aacute;s:<\/p>\n","protected":false},"author":82,"featured_media":11740,"comment_status":"open","ping_status":"closed","sticky":false,"template":"","format":"standard","meta":{"jetpack_post_was_ever_published":false,"_jetpack_newsletter_access":"","_jetpack_dont_email_post_to_subs":false,"_jetpack_newsletter_tier_id":0,"_jetpack_memberships_contains_paywalled_content":false,"_jetpack_memberships_contains_paid_content":false,"footnotes":"","jetpack_publicize_message":"","jetpack_publicize_feature_enabled":true,"jetpack_social_post_already_shared":true,"jetpack_social_options":{"image_generator_settings":{"template":"highway","default_image_id":0,"font":"","enabled":false},"version":2}},"categories":[1],"tags":[339,224],"class_list":["post-11739","post","type-post","status-publish","format-standard","has-post-thumbnail","hentry","category-sin-categorizar","tag-resnais","tag-semprun"],"jetpack_publicize_connections":[],"jetpack_featured_media_url":"https:\/\/www.edder.org\/upload\/2015\/06\/pont.gif","jetpack_shortlink":"https:\/\/wp.me\/p6kHv-33l","jetpack_sharing_enabled":true,"jetpack-related-posts":[{"id":3798,"url":"https:\/\/www.edder.org\/?p=3798","url_meta":{"origin":11739,"position":0},"title":"La sombra del Escarmiento","author":"Eder","date":"mi\u00e9rcoles, 15 Oct, 2014","format":false,"excerpt":"","rel":"","context":"En \u00abLetras\u00bb","block_context":{"text":"Letras","link":"https:\/\/www.edder.org\/?cat=93"},"img":{"alt_text":"","src":"https:\/\/i0.wp.com\/www.edder.org\/upload\/2014\/10\/caza.jpg?resize=350%2C200&ssl=1","width":350,"height":200,"srcset":"https:\/\/i0.wp.com\/www.edder.org\/upload\/2014\/10\/caza.jpg?resize=350%2C200&ssl=1 1x, https:\/\/i0.wp.com\/www.edder.org\/upload\/2014\/10\/caza.jpg?resize=525%2C300&ssl=1 1.5x"},"classes":[]},{"id":65,"url":"https:\/\/www.edder.org\/?p=65","url_meta":{"origin":11739,"position":1},"title":"La propaganda del Reich (del Reich-no de Navarra)","author":"Eder","date":"viernes, 6 Oct, 2006","format":false,"excerpt":"","rel":"","context":"En \u00abNA\u00bb","block_context":{"text":"NA","link":"https:\/\/www.edder.org\/?cat=3"},"img":{"alt_text":"","src":"","width":0,"height":0},"classes":[]},{"id":75,"url":"https:\/\/www.edder.org\/?p=75","url_meta":{"origin":11739,"position":2},"title":"La barraca del arte","author":"Eder","date":"viernes, 15 Dic, 2006","format":false,"excerpt":"El otro d\u00eda \u2013el otro puente y entre otros navarros (\u00a1Adi\u00f3s! \u00a1Adi\u00f3s!)\u2013 estuve en la puerta del MACBA. No entr\u00e9. Man\u00edas m\u00edas. El arte contempor\u00e1neo \u00faltimo tiene inter\u00e9s cuando lo tiene. A m\u00ed me interesan los hermanos Chapman \u2013no cuando montan instalaciones, que eso lo har\u00e1n para espantar u horrorizar\u2026","rel":"","context":"En \u00abArtes\u00bb","block_context":{"text":"Artes","link":"https:\/\/www.edder.org\/?cat=85"},"img":{"alt_text":"","src":"https:\/\/i0.wp.com\/www.edder.org\/upload\/2006\/12\/animated-pic-warhol-3.jpg?resize=350%2C200&ssl=1","width":350,"height":200},"classes":[]},{"id":11963,"url":"https:\/\/www.edder.org\/?p=11963","url_meta":{"origin":11739,"position":3},"title":"De A. Arteta a J. Vigo, pasando por G. Bataille","author":"Eder","date":"martes, 28 Jul, 2015","format":false,"excerpt":"Aurelio Arteta, Los descargadores y El puente de Burce\u00f1a (\u00f3leos sobre lienzo, a\u00f1os 20). \u00a0 Chimenea de f\u00e1brica, por George Bataille (1929) Si tengo en cuenta mis recuerdos personales, pareciera que desde la aparici\u00f3n de las diversas cosas del mundo, en el curso de la primera infancia, las formas arquitect\u00f3nicas\u2026","rel":"","context":"En \u00abArtes\u00bb","block_context":{"text":"Artes","link":"https:\/\/www.edder.org\/?cat=85"},"img":{"alt_text":"","src":"https:\/\/i0.wp.com\/www.edder.org\/upload\/2015\/07\/chimeneas.jpg?resize=350%2C200&ssl=1","width":350,"height":200},"classes":[]},{"id":47627,"url":"https:\/\/www.edder.org\/?p=47627","url_meta":{"origin":11739,"position":4},"title":"Ne faites pas de photos, s&#8217;il vous pla\u00eet","author":"Eder","date":"jueves, 22 Ene, 2026","format":false,"excerpt":"","rel":"","context":"En \u00abActualidades\u00bb","block_context":{"text":"Actualidades","link":"https:\/\/www.edder.org\/?cat=802"},"img":{"alt_text":"","src":"https:\/\/i0.wp.com\/www.edder.org\/upload\/2026\/01\/Folder.jpg?resize=350%2C200&ssl=1","width":350,"height":200,"srcset":"https:\/\/i0.wp.com\/www.edder.org\/upload\/2026\/01\/Folder.jpg?resize=350%2C200&ssl=1 1x, https:\/\/i0.wp.com\/www.edder.org\/upload\/2026\/01\/Folder.jpg?resize=525%2C300&ssl=1 1.5x"},"classes":[]},{"id":789,"url":"https:\/\/www.edder.org\/?p=789","url_meta":{"origin":11739,"position":5},"title":"Matisse y \u00abla felicidad de vivir\u00bb, por R. Barthes","author":"Eder","date":"martes, 27 May, 2025","format":false,"excerpt":"","rel":"","context":"En \u00abArtes\u00bb","block_context":{"text":"Artes","link":"https:\/\/www.edder.org\/?cat=85"},"img":{"alt_text":"","src":"https:\/\/i0.wp.com\/www.edder.org\/upload\/2010\/07\/paris_match.jpg?resize=350%2C200&ssl=1","width":350,"height":200,"srcset":"https:\/\/i0.wp.com\/www.edder.org\/upload\/2010\/07\/paris_match.jpg?resize=350%2C200&ssl=1 1x, https:\/\/i0.wp.com\/www.edder.org\/upload\/2010\/07\/paris_match.jpg?resize=525%2C300&ssl=1 1.5x, https:\/\/i0.wp.com\/www.edder.org\/upload\/2010\/07\/paris_match.jpg?resize=700%2C400&ssl=1 2x, https:\/\/i0.wp.com\/www.edder.org\/upload\/2010\/07\/paris_match.jpg?resize=1050%2C600&ssl=1 3x"},"classes":[]}],"jetpack_likes_enabled":true,"_links":{"self":[{"href":"https:\/\/www.edder.org\/index.php?rest_route=\/wp\/v2\/posts\/11739","targetHints":{"allow":["GET"]}}],"collection":[{"href":"https:\/\/www.edder.org\/index.php?rest_route=\/wp\/v2\/posts"}],"about":[{"href":"https:\/\/www.edder.org\/index.php?rest_route=\/wp\/v2\/types\/post"}],"author":[{"embeddable":true,"href":"https:\/\/www.edder.org\/index.php?rest_route=\/wp\/v2\/users\/82"}],"replies":[{"embeddable":true,"href":"https:\/\/www.edder.org\/index.php?rest_route=%2Fwp%2Fv2%2Fcomments&post=11739"}],"version-history":[{"count":0,"href":"https:\/\/www.edder.org\/index.php?rest_route=\/wp\/v2\/posts\/11739\/revisions"}],"wp:featuredmedia":[{"embeddable":true,"href":"https:\/\/www.edder.org\/index.php?rest_route=\/wp\/v2\/media\/11740"}],"wp:attachment":[{"href":"https:\/\/www.edder.org\/index.php?rest_route=%2Fwp%2Fv2%2Fmedia&parent=11739"}],"wp:term":[{"taxonomy":"category","embeddable":true,"href":"https:\/\/www.edder.org\/index.php?rest_route=%2Fwp%2Fv2%2Fcategories&post=11739"},{"taxonomy":"post_tag","embeddable":true,"href":"https:\/\/www.edder.org\/index.php?rest_route=%2Fwp%2Fv2%2Ftags&post=11739"}],"curies":[{"name":"wp","href":"https:\/\/api.w.org\/{rel}","templated":true}]}}