{"id":117,"date":"2007-11-09T07:00:07","date_gmt":"2007-11-09T05:00:07","guid":{"rendered":"https:\/\/www.edder.org\/?p=117"},"modified":"2018-07-27T16:38:28","modified_gmt":"2018-07-27T14:38:28","slug":"a-la-gloria-y-a-la-noria","status":"publish","type":"post","link":"https:\/\/www.edder.org\/?p=117","title":{"rendered":"A la gloria y a la noria"},"content":{"rendered":"<p>Si no va para una semana de preparativos y aperitivos de la enorme inauguraci\u00f3n triunfal que llega ya, la de la nueva estaci\u00f3n de autobuses de Pamplona ???la I Magna Inauguraci\u00f3n Triunfal de la Temporada Pol\u00edtica???, poco le faltar\u00e1. Y la semana postinaugurativa que vendr\u00e1 despu\u00e9s. Desconozco si la docena y media de millones, hablando en pesetas, que vienen a costar estos fastos triunfales iba ya incluida en el presupuesto inicial, si tal cantidad queda para la factura final ???siempre sorprendente??? o si va a beneficio de inventario. Del inventario de \u00e9xitos pol\u00edticos de quienes triunfalmente inauguran, que desde hace lustros son los mismos c\u00e9sares augustos: \u00e9l y ella, ella y \u00e9l. Calderilla, comparado con los gastos que suponemos comport\u00f3 aquel desfile triunfal, el celebrado alrededor de los idus de marzo, del que nunca supimos el precio. Por si el panorama del fin de semana no fuese suficientemente romano, el paisaje de por s\u00ed mortecino y oto\u00f1al de la capital del <em>Reyno<\/em> se ver\u00e1 animado con las alegr\u00edas circenses que traer\u00e1 la inauguraci\u00f3n: en particular, las de esa gran noria que no parar\u00e1 de girar en las inmediaciones de la obra inaugurada para alegr\u00eda de chicos y grandes, por no decir que para contento del populacho todo. La impudicia, la ostentosa desverg\u00fcenza con que los inauguradores preparan la partida econ\u00f3mica correspondiente a los fastos inaugurales y se pasean durante d\u00edas ante los fot\u00f3grafos, saludando a la plebe desde el carro triunfal, de tan vista como est\u00e1 ya, ni produce esc\u00e1ndalo. No lo produce desde luego entre esos senadores romanos que, lejos de dejarse las cejas en el control de los fastos, pierden los codos en el ol\u00edmpico esfuerzo por abrirse un hueco en la foto inaugural. A la gloria, senadores, a las p\u00e1ginas de la historia. A la gloria y luego a la noria, con infantil y beat\u00edfico candor. Alguien debiera darle cuerda a la noria, luego de que c\u00e9sares y senadores se acomoden en ella, y tirar la llave a la alcantarilla de la historia.<\/p>\n<div align=\"right\">Publicado en <a target=\"blank\" href=\"http:\/\/www.noticiasdenavarra.com\/ediciones\/2007\/11\/09\/opinion\/contra.php\">Diario de Noticias<\/a><img class=\"lazyload\" decoding=\"async\" align=\"right\" title=\"dn\" alt=\"dn\" src=\"data:image\/gif;base64,R0lGODlhAQABAAAAACH5BAEKAAEALAAAAAABAAEAAAICTAEAOw==\" data-orig-src=\"https:\/\/www.edder.org\/images\/dn.gif\" \/><\/div>\n<p><img class=\"lazyload\" decoding=\"async\" src=\"data:image\/gif;base64,R0lGODlhAQABAAAAACH5BAEKAAEALAAAAAABAAEAAAICTAEAOw==\" data-orig-src=\"https:\/\/www.edder.org\/images\/marcas.gif\" alt=\"marcas\" \/><\/p>\n","protected":false},"excerpt":{"rendered":"<p>Si no va para una semana de preparativos y aperitivos de la enorme inauguraci\u00f3n triunfal que llega ya, la de la nueva estaci\u00f3n de autobuses de Pamplona ???la I Magna Inauguraci\u00f3n Triunfal de la Temporada Pol\u00edtica???, poco le faltar\u00e1. Y la semana postinaugurativa que vendr\u00e1 despu\u00e9s. Desconozco si la docena y media de millones, hablando en pesetas, que vienen a costar estos fastos triunfales iba ya incluida en el presupuesto inicial, si tal cantidad queda para la factura final ???siempre sorprendente??? o si va a beneficio de inventario. Del inventario de \u00e9xitos pol\u00edticos de quienes triunfalmente inauguran, que desde hace lustros son los mismos c\u00e9sares augustos: \u00e9l y ella, ella y \u00e9l. Calderilla, comparado con los gastos que suponemos comport\u00f3 aquel desfile triunfal, el celebrado alrededor de  [&#8230;]<\/p>\n","protected":false},"author":82,"featured_media":0,"comment_status":"open","ping_status":"open","sticky":false,"template":"","format":"standard","meta":{"jetpack_post_was_ever_published":false,"_jetpack_newsletter_access":"","_jetpack_dont_email_post_to_subs":false,"_jetpack_newsletter_tier_id":0,"_jetpack_memberships_contains_paywalled_content":false,"_jetpack_memberships_contains_paid_content":false,"footnotes":"","jetpack_publicize_message":"","jetpack_publicize_feature_enabled":true,"jetpack_social_post_already_shared":false,"jetpack_social_options":{"image_generator_settings":{"template":"highway","default_image_id":0,"font":"","enabled":false},"version":2}},"categories":[3],"tags":[],"class_list":["post-117","post","type-post","status-publish","format-standard","hentry","category-na"],"jetpack_publicize_connections":[],"jetpack_featured_media_url":"","jetpack_shortlink":"https:\/\/wp.me\/p6kHv-1T","jetpack_sharing_enabled":true,"jetpack-related-posts":[{"id":11618,"url":"https:\/\/www.edder.org\/?p=11618","url_meta":{"origin":117,"position":0},"title":"Primera paletada triunfal","author":"Eder","date":"domingo, 26 Abr, 2015","format":false,"excerpt":"Primera paleta triunfal del ininaugurable y nunca inaugurado Reyno de Navarra Arena. Ambiente navarr\u00edsimo. A la derecha, a la pala, de gris marengo, Miguel Sanz Sesma (\u00ab400 euros no dan ni para una cena\u00bb), ahora presidente de Autopistas de Navarra por designaci\u00f3n de UPN y miembro de media docena de\u2026","rel":"","context":"En \u00abNA\u00bb","block_context":{"text":"NA","link":"https:\/\/www.edder.org\/?cat=3"},"img":{"alt_text":"","src":"https:\/\/i0.wp.com\/www.edder.org\/upload\/2015\/04\/paletadas2.jpg?resize=350%2C200&ssl=1","width":350,"height":200},"classes":[]},{"id":228,"url":"https:\/\/www.edder.org\/?p=228","url_meta":{"origin":117,"position":1},"title":"Maneras de vivir","author":"Eder","date":"viernes, 30 Ene, 2009","format":false,"excerpt":"","rel":"","context":"En \u00abNA\u00bb","block_context":{"text":"NA","link":"https:\/\/www.edder.org\/?cat=3"},"img":{"alt_text":"","src":"","width":0,"height":0},"classes":[]},{"id":121,"url":"https:\/\/www.edder.org\/?p=121","url_meta":{"origin":117,"position":2},"title":"Comprensi\u00f3n lectora","author":"Eder","date":"viernes, 7 Dic, 2007","format":false,"excerpt":"Que andamos mal de compresi\u00f3n lectora, en Navarra y fuera de ella, estaba visto, pese a llevar gafas o precisamente por llevarlas. No hac\u00eda falta esperar al informe PISA. Lo primero que nota hoy el gafoso de verdad necesitado de gafas \u2013no el que las llevan como complemento\u2013 es que\u2026","rel":"","context":"En \u00abNA\u00bb","block_context":{"text":"NA","link":"https:\/\/www.edder.org\/?cat=3"},"img":{"alt_text":"","src":"","width":0,"height":0},"classes":[]},{"id":1255,"url":"https:\/\/www.edder.org\/?p=1255","url_meta":{"origin":117,"position":3},"title":"Navajo","author":"Eder","date":"viernes, 26 Nov, 2010","format":false,"excerpt":"Ahora no recuerdo lo que John Ford \u2013conocido por los indios de Utah como Natani Nez, \u201cel jefe alto\u201d\u2013 dec\u00eda de los navajos. Ya me acordar\u00e9. Jean-Luc Godard, cuya vida guarden los dioses de las praderas muchos a\u00f1os y que la pr\u00f3xima semana cumplir\u00e1 los 90, ha sacado en su\u2026","rel":"","context":"En \u00abCine\u00bb","block_context":{"text":"Cine","link":"https:\/\/www.edder.org\/?cat=79"},"img":{"alt_text":"","src":"","width":0,"height":0},"classes":[]},{"id":12,"url":"https:\/\/www.edder.org\/?p=12","url_meta":{"origin":117,"position":4},"title":"Im\u00e1genes de la felicidad","author":"Eder","date":"domingo, 25 Sep, 2005","format":false,"excerpt":"Dos orientales de ambos sexos, con la apariencia de formar un matrimonio natural, y lo que es mejor, feliz, corrieron el \u00faltimo tramo del antepen\u00faltimo encierro literalmente pegados al grueso de la manada. Corrieron sin parar de sonreir, embelesados por la emoci\u00f3n del irrepetible momento de triunfo. En el callej\u00f3n\u2026","rel":"","context":"En \u00abNA\u00bb","block_context":{"text":"NA","link":"https:\/\/www.edder.org\/?cat=3"},"img":{"alt_text":"","src":"","width":0,"height":0},"classes":[]},{"id":54,"url":"https:\/\/www.edder.org\/?p=54","url_meta":{"origin":117,"position":5},"title":"Erre que erre","author":"Eder","date":"viernes, 28 Abr, 2006","format":false,"excerpt":"","rel":"","context":"En \u00abNA\u00bb","block_context":{"text":"NA","link":"https:\/\/www.edder.org\/?cat=3"},"img":{"alt_text":"","src":"","width":0,"height":0},"classes":[]}],"jetpack_likes_enabled":true,"_links":{"self":[{"href":"https:\/\/www.edder.org\/index.php?rest_route=\/wp\/v2\/posts\/117","targetHints":{"allow":["GET"]}}],"collection":[{"href":"https:\/\/www.edder.org\/index.php?rest_route=\/wp\/v2\/posts"}],"about":[{"href":"https:\/\/www.edder.org\/index.php?rest_route=\/wp\/v2\/types\/post"}],"author":[{"embeddable":true,"href":"https:\/\/www.edder.org\/index.php?rest_route=\/wp\/v2\/users\/82"}],"replies":[{"embeddable":true,"href":"https:\/\/www.edder.org\/index.php?rest_route=%2Fwp%2Fv2%2Fcomments&post=117"}],"version-history":[{"count":0,"href":"https:\/\/www.edder.org\/index.php?rest_route=\/wp\/v2\/posts\/117\/revisions"}],"wp:attachment":[{"href":"https:\/\/www.edder.org\/index.php?rest_route=%2Fwp%2Fv2%2Fmedia&parent=117"}],"wp:term":[{"taxonomy":"category","embeddable":true,"href":"https:\/\/www.edder.org\/index.php?rest_route=%2Fwp%2Fv2%2Fcategories&post=117"},{"taxonomy":"post_tag","embeddable":true,"href":"https:\/\/www.edder.org\/index.php?rest_route=%2Fwp%2Fv2%2Ftags&post=117"}],"curies":[{"name":"wp","href":"https:\/\/api.w.org\/{rel}","templated":true}]}}