{"id":11674,"date":"2015-05-17T12:31:41","date_gmt":"2015-05-17T11:31:41","guid":{"rendered":"https:\/\/www.edder.org\/?p=11674"},"modified":"2018-07-27T16:36:55","modified_gmt":"2018-07-27T14:36:55","slug":"ideas-navarrisimas-tortilla-verdosa","status":"publish","type":"post","link":"https:\/\/www.edder.org\/?p=11674","title":{"rendered":"Ideas navarr\u00edsimas: tortilla verdosa"},"content":{"rendered":"<p>Ideas navarr&iacute;simas: como la tortilla verdosa que se sirvi&oacute; en los hospitales de Navarra tras la privatizaci&oacute;n de las cocinas de los mismos por parte de UPN.<\/p>\n<p><img class=\"lazyload\" decoding=\"async\" alt=\"\" src=\"data:image\/gif;base64,R0lGODlhAQABAAAAACH5BAEKAAEALAAAAAABAAEAAAICTAEAOw==\" data-orig-src=\"http:\/\/edder.org\/images\/desmantelar.jpg\" style=\"width: 652px; height: 530px;\" \/><\/p>\n","protected":false},"excerpt":{"rendered":"<p>Ideas navarr&iacute;simas: como la tortilla verdosa que se sirvi&oacute; en los hospitales de Navarra tras la privatizaci&oacute;n de las cocinas de los mismos por parte de UPN.<\/p>\n","protected":false},"author":82,"featured_media":11675,"comment_status":"open","ping_status":"closed","sticky":false,"template":"","format":"standard","meta":{"jetpack_post_was_ever_published":false,"_jetpack_newsletter_access":"","_jetpack_dont_email_post_to_subs":false,"_jetpack_newsletter_tier_id":0,"_jetpack_memberships_contains_paywalled_content":false,"_jetpack_memberships_contains_paid_content":false,"footnotes":"","jetpack_publicize_message":"","jetpack_publicize_feature_enabled":true,"jetpack_social_post_already_shared":true,"jetpack_social_options":{"image_generator_settings":{"template":"highway","default_image_id":0,"font":"","enabled":false},"version":2}},"categories":[3],"tags":[],"class_list":["post-11674","post","type-post","status-publish","format-standard","has-post-thumbnail","hentry","category-na"],"jetpack_publicize_connections":[],"jetpack_featured_media_url":"https:\/\/www.edder.org\/upload\/2015\/05\/mini2.jpg","jetpack_shortlink":"https:\/\/wp.me\/p6kHv-32i","jetpack_sharing_enabled":true,"jetpack-related-posts":[{"id":14153,"url":"https:\/\/www.edder.org\/?p=14153","url_meta":{"origin":11674,"position":0},"title":"Viento indiferente","author":"Eder","date":"lunes, 4 Jun, 2018","format":false,"excerpt":"El muchacho que camina por este poema, entre San Ildefonso y el Z\u00f3calo, es el hombre que lo escribe \u00a0\u00a0\u00a0\u00a0\u00a0\u00a0\u00a0\u00a0\u00a0\u00a0\u00a0\u00a0\u00a0\u00a0\u00a0\u00a0\u00a0\u00a0\u00a0\u00a0\u00a0\u00a0\u00a0\u00a0\u00a0\u00a0\u00a0\u00a0\u00a0\u00a0\u00a0\u00a0\u00a0\u00a0\u00a0\u00a0\u00a0\u00a0\u00a0\u00a0\u00a0\u00a0\u00a0 esta p\u00e1gina tambi\u00e9n es una caminata nocturna. \u00a0\u00a0\u00a0\u00a0\u00a0\u00a0\u00a0\u00a0\u00a0\u00a0\u00a0\u00a0\u00a0\u00a0\u00a0\u00a0\u00a0\u00a0\u00a0\u00a0\u00a0\u00a0\u00a0\u00a0\u00a0\u00a0\u00a0\u00a0\u00a0\u00a0\u00a0\u00a0\u00a0\u00a0\u00a0\u00a0\u00a0\u00a0\u00a0\u00a0\u00a0\u00a0\u00a0\u00a0\u00a0\u00a0\u00a0\u00a0\u00a0\u00a0\u00a0\u00a0\u00a0\u00a0 Aqu\u00ed encarnan los espectros amigos, \u00a0\u00a0\u00a0\u00a0\u00a0\u00a0\u00a0\u00a0\u00a0\u00a0\u00a0\u00a0\u00a0\u00a0\u00a0\u00a0\u00a0\u00a0\u00a0\u00a0\u00a0\u00a0\u00a0\u00a0\u00a0\u00a0\u00a0\u00a0\u00a0\u00a0\u00a0\u00a0\u00a0\u00a0\u00a0\u00a0 las ideas se disipan... \u00a0","rel":"","context":"En \u00abArtes\u00bb","block_context":{"text":"Artes","link":"https:\/\/www.edder.org\/?cat=85"},"img":{"alt_text":"","src":"https:\/\/i0.wp.com\/www.edder.org\/upload\/2018\/06\/paz3.jpg?resize=350%2C200&ssl=1","width":350,"height":200},"classes":[]},{"id":897,"url":"https:\/\/www.edder.org\/?p=897","url_meta":{"origin":11674,"position":1},"title":"Ideas muertas (por L. Sciascia)","author":"Eder","date":"jueves, 5 Ago, 2010","format":false,"excerpt":"","rel":"","context":"En \u00abLetras\u00bb","block_context":{"text":"Letras","link":"https:\/\/www.edder.org\/?cat=93"},"img":{"alt_text":"","src":"","width":0,"height":0},"classes":[]},{"id":150,"url":"https:\/\/www.edder.org\/?p=150","url_meta":{"origin":11674,"position":2},"title":"Deconstruyendo la alcachofa","author":"Eder","date":"viernes, 16 May, 2008","format":false,"excerpt":"","rel":"","context":"En \u00abNA\u00bb","block_context":{"text":"NA","link":"https:\/\/www.edder.org\/?cat=3"},"img":{"alt_text":"","src":"","width":0,"height":0},"classes":[]},{"id":204,"url":"https:\/\/www.edder.org\/?p=204","url_meta":{"origin":11674,"position":3},"title":"El conflicto","author":"Eder","date":"viernes, 21 Nov, 2008","format":false,"excerpt":"En 1984, el cineasta Robert Kramer rod\u00f3 una pel\u00edcula titulada Nuestro nazi. Con el nazismo como fondo, Kramer se preguntaba por los enga\u00f1os \u2013por las mentiras y mitos\u2013 que llevan a olvidar, diferir o negar las responsabilidades personales en los \u201cconflictos hist\u00f3ricos\u201d. El siglo XX fue el siglo donde las\u2026","rel":"","context":"En \u00abNA\u00bb","block_context":{"text":"NA","link":"https:\/\/www.edder.org\/?cat=3"},"img":{"alt_text":"","src":"","width":0,"height":0},"classes":[]},{"id":1016,"url":"https:\/\/www.edder.org\/?p=1016","url_meta":{"origin":11674,"position":4},"title":"Tati, por Serge Daney","author":"Eder","date":"martes, 12 Mar, 2013","format":false,"excerpt":"El m\u00e1s grande. Aquel de quien nunca se dud\u00f3 jam\u00e1s, por otra parte. Cada tanto le rend\u00edan homenaje. Se hablaba de \u00e9l un poco en pasado. Era un error, claro. Testarudo, Tati ten\u00eda sus ideas sobre todo, y hac\u00eda proyectos quim\u00e9ricos. Ideas sobre el cine \u2013estaba listo para batirse en\u2026","rel":"","context":"En \u00abCine\u00bb","block_context":{"text":"Cine","link":"https:\/\/www.edder.org\/?cat=79"},"img":{"alt_text":"","src":"","width":0,"height":0},"classes":[]},{"id":37,"url":"https:\/\/www.edder.org\/?p=37","url_meta":{"origin":11674,"position":5},"title":"De la polis al bar","author":"Eder","date":"viernes, 13 Ene, 2006","format":false,"excerpt":"La colecci\u00f3n de perlas cultivadas que el arquitecto Francisco Mangado dej\u00f3 caer en su d\u00eda sobre esa plaza \u2013la del Baluarte\u2013 que finalmente ser\u00e1 sede privilegiada del primer y m\u00e1s selecto bar-restaurante del Reyno \u2013encargado, c\u00f3mo no, al propio Mangado, cuyo talento en la concepci\u00f3n de espacios para la restauraci\u00f3n\u2026","rel":"","context":"En \u00abNA\u00bb","block_context":{"text":"NA","link":"https:\/\/www.edder.org\/?cat=3"},"img":{"alt_text":"","src":"","width":0,"height":0},"classes":[]}],"jetpack_likes_enabled":true,"_links":{"self":[{"href":"https:\/\/www.edder.org\/index.php?rest_route=\/wp\/v2\/posts\/11674","targetHints":{"allow":["GET"]}}],"collection":[{"href":"https:\/\/www.edder.org\/index.php?rest_route=\/wp\/v2\/posts"}],"about":[{"href":"https:\/\/www.edder.org\/index.php?rest_route=\/wp\/v2\/types\/post"}],"author":[{"embeddable":true,"href":"https:\/\/www.edder.org\/index.php?rest_route=\/wp\/v2\/users\/82"}],"replies":[{"embeddable":true,"href":"https:\/\/www.edder.org\/index.php?rest_route=%2Fwp%2Fv2%2Fcomments&post=11674"}],"version-history":[{"count":0,"href":"https:\/\/www.edder.org\/index.php?rest_route=\/wp\/v2\/posts\/11674\/revisions"}],"wp:featuredmedia":[{"embeddable":true,"href":"https:\/\/www.edder.org\/index.php?rest_route=\/wp\/v2\/media\/11675"}],"wp:attachment":[{"href":"https:\/\/www.edder.org\/index.php?rest_route=%2Fwp%2Fv2%2Fmedia&parent=11674"}],"wp:term":[{"taxonomy":"category","embeddable":true,"href":"https:\/\/www.edder.org\/index.php?rest_route=%2Fwp%2Fv2%2Fcategories&post=11674"},{"taxonomy":"post_tag","embeddable":true,"href":"https:\/\/www.edder.org\/index.php?rest_route=%2Fwp%2Fv2%2Ftags&post=11674"}],"curies":[{"name":"wp","href":"https:\/\/api.w.org\/{rel}","templated":true}]}}