{"id":11656,"date":"2015-05-12T15:43:59","date_gmt":"2015-05-12T14:43:59","guid":{"rendered":"https:\/\/www.edder.org\/?p=11656"},"modified":"2018-07-27T16:36:55","modified_gmt":"2018-07-27T14:36:55","slug":"diferencias-entre-la-policia-espanola-y-la-britanica","status":"publish","type":"post","link":"https:\/\/www.edder.org\/?p=11656","title":{"rendered":"Diferencias entre la polic\u00eda espa\u00f1ola y la brit\u00e1nica"},"content":{"rendered":"<p>Paseo del Prado (Madrid): la polic&iacute;a espa&ntilde;ola esposa a un peligroso anciano que exhib&iacute;a una pancarta en contra de la subida de precios en el trasporte p&uacute;blico:<\/p>\n<p style=\"text-align: center;\"><img class=\"lazyload\" decoding=\"async\" alt=\"\" src=\"data:image\/gif;base64,R0lGODlhAQABAAAAACH5BAEKAAEALAAAAAABAAEAAAICTAEAOw==\" data-orig-src=\"http:\/\/edder.org\/images\/anciano.jpg\" style=\"width: 750px; height: 483px;\" \/><span style=\"font-size:8px;\">Foto: Olga Rodr&iacute;guez.<\/span><\/p>\n<p>&nbsp;<\/p>\n<p>Trafalgar Square: agentes de la Polic&iacute;a Metropolitana de Londres facilita la protesta de un grupo de ecologistas que asaltan el edificio de la National Gallery para colocar en &eacute;l una pancarta en contra de los vertidos pretol&iacute;feros:<\/p>\n<p style=\"text-align: center;\"><div class=\"fusion-fullwidth fullwidth-box fusion-builder-row-1 hundred-percent-fullwidth non-hundred-percent-height-scrolling\" style=\"--awb-border-radius-top-left:0px;--awb-border-radius-top-right:0px;--awb-border-radius-bottom-right:0px;--awb-border-radius-bottom-left:0px;--awb-overflow:visible;--awb-flex-wrap:wrap;\" ><div class=\"fusion-builder-row fusion-row\"><div class=\"fusion-layout-column fusion_builder_column fusion-builder-column-0 fusion_builder_column_1_1 1_1 fusion-one-full fusion-column-first fusion-column-last fusion-column-no-min-height\" style=\"--awb-bg-size:cover;--awb-margin-bottom:0px;\"><div class=\"fusion-column-wrapper fusion-flex-column-wrapper-legacy\"><div class=\"video-shortcode\"><iframe title=\"Protesta ecol\u00f3gica Londres\" width=\"1200\" height=\"675\" src=\"https:\/\/www.youtube.com\/embed\/K7s6IyD0DaM?feature=oembed\" frameborder=\"0\" allow=\"accelerometer; autoplay; clipboard-write; encrypted-media; gyroscope; picture-in-picture; web-share\" allowfullscreen><\/iframe><\/div>\n<div class=\"fusion-clearfix\"><\/div><\/div><\/div><\/div><\/div><\/p>\n","protected":false},"excerpt":{"rendered":"<p>Paseo del Prado (Madrid): la polic&iacute;a espa&ntilde;ola esposa a un peligroso anciano que exhib&iacute;a una pancarta en contra de la subida de precios en el trasporte p&uacute;blico: Foto: Olga Rodr&iacute;guez. &nbsp; Trafalgar Square: agentes de la Polic&iacute;a Metropolitana de Londres facilita la protesta de un grupo de ecologistas que asaltan el edificio de la National Gallery para colocar en &eacute;l una pancarta en contra de los vertidos pretol&iacute;feros:<\/p>\n","protected":false},"author":82,"featured_media":11658,"comment_status":"open","ping_status":"closed","sticky":false,"template":"","format":"standard","meta":{"jetpack_post_was_ever_published":false,"_jetpack_newsletter_access":"","_jetpack_dont_email_post_to_subs":false,"_jetpack_newsletter_tier_id":0,"_jetpack_memberships_contains_paywalled_content":false,"_jetpack_memberships_contains_paid_content":false,"footnotes":"","jetpack_publicize_message":"","jetpack_publicize_feature_enabled":true,"jetpack_social_post_already_shared":true,"jetpack_social_options":{"image_generator_settings":{"template":"highway","default_image_id":0,"font":"","enabled":false},"version":2}},"categories":[1],"tags":[319],"class_list":["post-11656","post","type-post","status-publish","format-standard","has-post-thumbnail","hentry","category-sin-categorizar","tag-wiseman"],"jetpack_publicize_connections":[],"jetpack_featured_media_url":"https:\/\/www.edder.org\/upload\/2015\/05\/mini.jpg","jetpack_shortlink":"https:\/\/wp.me\/p6kHv-320","jetpack_sharing_enabled":true,"jetpack-related-posts":[{"id":1159,"url":"https:\/\/www.edder.org\/?p=1159","url_meta":{"origin":11656,"position":0},"title":"El Ofert\u00f3n Pamplon\u00e9s","author":"Eder","date":"viernes, 22 Oct, 2010","format":false,"excerpt":"Para orfe\u00f3n, el Orfe\u00f3n Donostiarra. Y para ofert\u00f3n, el Ofert\u00f3n Pamplon\u00e9s. Que se lo pregunten si no al consejero de Cultura y Turismo, que no ha podido resistir la insuperable oferta del Ofert\u00f3n Pamplon\u00e9s \u2013por lo dem\u00e1s, regularmente subvencionado por ese mismo consejero\u2013 para viajar a Guasint\u00f3n. Y por all\u00ed\u00a0\u2026","rel":"","context":"En \u00abNA\u00bb","block_context":{"text":"NA","link":"https:\/\/www.edder.org\/?cat=3"},"img":{"alt_text":"","src":"https:\/\/i0.wp.com\/edder.org\/images\/barcina_ole.jpg?resize=350%2C200","width":350,"height":200,"srcset":"https:\/\/i0.wp.com\/edder.org\/images\/barcina_ole.jpg?resize=350%2C200 1x, https:\/\/i0.wp.com\/edder.org\/images\/barcina_ole.jpg?resize=525%2C300 1.5x, https:\/\/i0.wp.com\/edder.org\/images\/barcina_ole.jpg?resize=700%2C400 2x"},"classes":[]},{"id":43044,"url":"https:\/\/www.edder.org\/?p=43044","url_meta":{"origin":11656,"position":1},"title":"Cascante, septiembre de 2024: regionalcatolicismo navarro del siglo XXI","author":"Eder","date":"domingo, 1 Sep, 2024","format":false,"excerpt":"","rel":"","context":"En \u00abNA\u00bb","block_context":{"text":"NA","link":"https:\/\/www.edder.org\/?cat=3"},"img":{"alt_text":"","src":"https:\/\/i0.wp.com\/www.edder.org\/upload\/2024\/09\/Screenshot-2024-09-01-at-21.47.00.png?resize=350%2C200&ssl=1","width":350,"height":200,"srcset":"https:\/\/i0.wp.com\/www.edder.org\/upload\/2024\/09\/Screenshot-2024-09-01-at-21.47.00.png?resize=350%2C200&ssl=1 1x, https:\/\/i0.wp.com\/www.edder.org\/upload\/2024\/09\/Screenshot-2024-09-01-at-21.47.00.png?resize=525%2C300&ssl=1 1.5x, https:\/\/i0.wp.com\/www.edder.org\/upload\/2024\/09\/Screenshot-2024-09-01-at-21.47.00.png?resize=700%2C400&ssl=1 2x"},"classes":[]},{"id":263,"url":"https:\/\/www.edder.org\/?p=263","url_meta":{"origin":11656,"position":2},"title":"La soledad","author":"Eder","date":"viernes, 20 Feb, 2009","format":false,"excerpt":"En medio de ninguna parte, en la calle F, o en la calle G, o qu\u00e9 m\u00e1s en qu\u00e9 calle del pol\u00edgono de los Agustinos, cada ma\u00f1ana se junta el peque\u00f1o grupo de personas \u2013una o dos docenas\u2013 que, ordenada, pac\u00edfica, silenciosamente piden con una pancarta lo que no parece\u2026","rel":"","context":"En \u00abNA\u00bb","block_context":{"text":"NA","link":"https:\/\/www.edder.org\/?cat=3"},"img":{"alt_text":"","src":"","width":0,"height":0},"classes":[]},{"id":3993,"url":"https:\/\/www.edder.org\/?p=3993","url_meta":{"origin":11656,"position":3},"title":"S.P.Q.R. (versi\u00f3n espa\u00f1ola)","author":"Eder","date":"jueves, 25 Dic, 2014","format":false,"excerpt":"El senado pu\u00f1os arriba: \u00a0 Y el pueblo con la Roma:","rel":"","context":"En \u00abCine\u00bb","block_context":{"text":"Cine","link":"https:\/\/www.edder.org\/?cat=79"},"img":{"alt_text":"","src":"https:\/\/i0.wp.com\/edder.org\/images\/forza_italia.jpg?resize=350%2C200","width":350,"height":200,"srcset":"https:\/\/i0.wp.com\/edder.org\/images\/forza_italia.jpg?resize=350%2C200 1x, https:\/\/i0.wp.com\/edder.org\/images\/forza_italia.jpg?resize=525%2C300 1.5x"},"classes":[]},{"id":48,"url":"https:\/\/www.edder.org\/?p=48","url_meta":{"origin":11656,"position":4},"title":"Los \u00abmoritos\u00bb de del Burgo","author":"Eder","date":"viernes, 17 Mar, 2006","format":false,"excerpt":"Que dice del Burgo que dijo Berlusconi que tras los atentados del 11M por fuerza ten\u00eda que haber una mente espa\u00f1ola. Mente y espa\u00f1ola, en ese contexto, se entiende como algo redundante, pleon\u00e1stico. Por lo que del Burgo dice que dijo Berlusconi, se desprende que il Cavaliere no tiene mucha\u2026","rel":"","context":"En \u00abNA\u00bb","block_context":{"text":"NA","link":"https:\/\/www.edder.org\/?cat=3"},"img":{"alt_text":"","src":"","width":0,"height":0},"classes":[]},{"id":47917,"url":"https:\/\/www.edder.org\/?p=47917","url_meta":{"origin":11656,"position":5},"title":"Cultura \u2013y sociedad\u2013 navarra: \u00abmozorros y mozorritos\u00bb [sic]","author":"Eder","date":"jueves, 19 Feb, 2026","format":false,"excerpt":"","rel":"","context":"En \u00abActualidades\u00bb","block_context":{"text":"Actualidades","link":"https:\/\/www.edder.org\/?cat=802"},"img":{"alt_text":"","src":"https:\/\/i0.wp.com\/www.edder.org\/upload\/2026\/02\/Screenshot-2026-02-19-at-18.58.36.png?resize=350%2C200&ssl=1","width":350,"height":200,"srcset":"https:\/\/i0.wp.com\/www.edder.org\/upload\/2026\/02\/Screenshot-2026-02-19-at-18.58.36.png?resize=350%2C200&ssl=1 1x, https:\/\/i0.wp.com\/www.edder.org\/upload\/2026\/02\/Screenshot-2026-02-19-at-18.58.36.png?resize=525%2C300&ssl=1 1.5x, https:\/\/i0.wp.com\/www.edder.org\/upload\/2026\/02\/Screenshot-2026-02-19-at-18.58.36.png?resize=700%2C400&ssl=1 2x, https:\/\/i0.wp.com\/www.edder.org\/upload\/2026\/02\/Screenshot-2026-02-19-at-18.58.36.png?resize=1050%2C600&ssl=1 3x"},"classes":[]}],"jetpack_likes_enabled":true,"_links":{"self":[{"href":"https:\/\/www.edder.org\/index.php?rest_route=\/wp\/v2\/posts\/11656","targetHints":{"allow":["GET"]}}],"collection":[{"href":"https:\/\/www.edder.org\/index.php?rest_route=\/wp\/v2\/posts"}],"about":[{"href":"https:\/\/www.edder.org\/index.php?rest_route=\/wp\/v2\/types\/post"}],"author":[{"embeddable":true,"href":"https:\/\/www.edder.org\/index.php?rest_route=\/wp\/v2\/users\/82"}],"replies":[{"embeddable":true,"href":"https:\/\/www.edder.org\/index.php?rest_route=%2Fwp%2Fv2%2Fcomments&post=11656"}],"version-history":[{"count":0,"href":"https:\/\/www.edder.org\/index.php?rest_route=\/wp\/v2\/posts\/11656\/revisions"}],"wp:featuredmedia":[{"embeddable":true,"href":"https:\/\/www.edder.org\/index.php?rest_route=\/wp\/v2\/media\/11658"}],"wp:attachment":[{"href":"https:\/\/www.edder.org\/index.php?rest_route=%2Fwp%2Fv2%2Fmedia&parent=11656"}],"wp:term":[{"taxonomy":"category","embeddable":true,"href":"https:\/\/www.edder.org\/index.php?rest_route=%2Fwp%2Fv2%2Fcategories&post=11656"},{"taxonomy":"post_tag","embeddable":true,"href":"https:\/\/www.edder.org\/index.php?rest_route=%2Fwp%2Fv2%2Ftags&post=11656"}],"curies":[{"name":"wp","href":"https:\/\/api.w.org\/{rel}","templated":true}]}}