{"id":11618,"date":"2015-04-26T21:58:18","date_gmt":"2015-04-26T20:58:18","guid":{"rendered":"https:\/\/www.edder.org\/?p=11618"},"modified":"2019-01-24T16:28:27","modified_gmt":"2019-01-24T15:28:27","slug":"primera-paletada-triunfal","status":"publish","type":"post","link":"https:\/\/www.edder.org\/?p=11618","title":{"rendered":"Primera paletada triunfal"},"content":{"rendered":"<p>Primera paleta triunfal del ininaugurable y nunca inaugurado Reyno de Navarra Arena. Ambiente <span style=\"color:#FF0000;\">navarr&iacute;simo<\/span>. A la derecha, a la pala, de gris marengo, Miguel Sanz Sesma (&laquo;400 euros no dan ni para una cena&raquo;), ahora presidente de <span style=\"color:#FF0000;\">Autopistas de Navarra<\/span> por designaci&oacute;n de <span style=\"color:#FF0000;\">UPN<\/span> y miembro de media docena de consejos de administraci&oacute;n por designaci&oacute;n directa de tipos como <span style=\"color:#FF0000;\">Enrique Go&ntilde;i<\/span>, nombrado en su d&iacute;a director de la luego completamente arruinada CAN por designaci&oacute;n de Migel Sanz (&laquo;Hoy por ti, ma&ntilde;an por m&iacute;&raquo;).<br \/>\n\t&nbsp;&nbsp; A la izquierda, como corresponde a un izquierdista, tambi&eacute;n vestido del mismo gris al que da nombre la famosa batalla narrada por Stendhal, <span style=\"color:#FF0000;\">Jos&eacute; Javier Esparza<\/span>,<span style=\"color:#FF0000;\"> <em>el Renovador<\/em><\/span>, si no <span style=\"color:#FF0000;\"><em>el Reseteador<\/em><\/span>. Aspira a la presidencia del <span style=\"color:#FF0000;\">Gobierno de Navarra<\/span> y amenaza con mostrarse de salir elegido &ndash;al igual que el alien&iacute;gena que ocupa el centro de la imagen&ndash;, intratable y <span style=\"color:#FF0000;\">navarr&iacute;simo<\/span>.<\/p>\n<p><img class=\"lazyload\" decoding=\"async\" alt=\"\" src=\"data:image\/gif;base64,R0lGODlhAQABAAAAACH5BAEKAAEALAAAAAABAAEAAAICTAEAOw==\" data-orig-src=\"http:\/\/edder.org\/images\/paletadas2.jpg\" style=\"width: 709px; height: 589px;\" \/><\/p>\n<p>&nbsp;<\/p>\n<p style=\"text-align: center;\"><div class=\"video-shortcode\"><iframe title=\"Miguel Sanz en Nueva York\" width=\"1200\" height=\"900\" src=\"https:\/\/www.youtube.com\/embed\/y1W11kw-ag4?feature=oembed\" frameborder=\"0\" allow=\"accelerometer; autoplay; clipboard-write; encrypted-media; gyroscope; picture-in-picture; web-share\" allowfullscreen><\/iframe><\/div><\/p>\n<p style=\"text-align: center;\"><div class=\"video-shortcode\"><iframe title=\"Enrique Go\u00f1i Beltr\u00e1n de Garizurieta\" width=\"1200\" height=\"900\" src=\"https:\/\/www.youtube.com\/embed\/rFrzdH7xUME?feature=oembed\" frameborder=\"0\" allow=\"accelerometer; autoplay; clipboard-write; encrypted-media; gyroscope; picture-in-picture; web-share\" allowfullscreen><\/iframe><\/div><\/p>\n","protected":false},"excerpt":{"rendered":"<p>Primera paleta triunfal del ininaugurable y nunca inaugurado Reyno de Navarra Arena. Ambiente navarr&iacute;simo. A la derecha, a la pala, de gris marengo, Miguel Sanz Sesma (&laquo;400 euros no dan ni para una cena&raquo;), ahora presidente de Autopistas de Navarra por designaci&oacute;n de UPN y miembro de media docena de consejos de administraci&oacute;n por designaci&oacute;n directa de tipos como Enrique Go&ntilde;i, nombrado en su d&iacute;a director de la luego completamente arruinada CAN por designaci&oacute;n de Migel Sanz (&laquo;Hoy por ti, ma&ntilde;an por m&iacute;&raquo;). &nbsp;&nbsp; A la izquierda, como corresponde a un izquierdista, tambi&eacute;n vestido del mismo gris al que da nombre la famosa batalla narrada por Stendhal, Jos&eacute; Javier Esparza, el Renovador, si no el Reseteador. Aspira a la presidencia del Gobierno de Navarra y amenaza con  [&#8230;]<\/p>\n","protected":false},"author":82,"featured_media":11649,"comment_status":"open","ping_status":"closed","sticky":false,"template":"","format":"standard","meta":{"jetpack_post_was_ever_published":false,"_jetpack_newsletter_access":"","_jetpack_dont_email_post_to_subs":false,"_jetpack_newsletter_tier_id":0,"_jetpack_memberships_contains_paywalled_content":false,"_jetpack_memberships_contains_paid_content":false,"footnotes":"","jetpack_publicize_message":"","jetpack_publicize_feature_enabled":true,"jetpack_social_post_already_shared":true,"jetpack_social_options":{"image_generator_settings":{"template":"highway","default_image_id":0,"font":"","enabled":false},"version":2}},"categories":[3,1],"tags":[],"class_list":["post-11618","post","type-post","status-publish","format-standard","has-post-thumbnail","hentry","category-na","category-sin-categorizar"],"jetpack_publicize_connections":[],"jetpack_featured_media_url":"https:\/\/www.edder.org\/upload\/2015\/04\/paletadas2.jpg","jetpack_shortlink":"https:\/\/wp.me\/p6kHv-31o","jetpack_sharing_enabled":true,"jetpack-related-posts":[{"id":54,"url":"https:\/\/www.edder.org\/?p=54","url_meta":{"origin":11618,"position":0},"title":"Erre que erre","author":"Eder","date":"viernes, 28 Abr, 2006","format":false,"excerpt":"","rel":"","context":"En \u00abNA\u00bb","block_context":{"text":"NA","link":"https:\/\/www.edder.org\/?cat=3"},"img":{"alt_text":"","src":"","width":0,"height":0},"classes":[]},{"id":433,"url":"https:\/\/www.edder.org\/?p=433","url_meta":{"origin":11618,"position":1},"title":"Yes, they Can","author":"Eder","date":"viernes, 26 Jun, 2009","format":false,"excerpt":"Yes, they Can, o lo que es mismo: Sanz y Barcina seguir\u00e1n estando en la Can cuando el \u00faltimo pol\u00edtico que se vaya de Caja Navarra cierre la puerta. Es m\u00e1s: Sanz estar\u00eda en las altas esferas de Caja Navarra incluso en el poco veros\u00edmil supuesto de que hoy mismo\u2026","rel":"","context":"En \u00abNA\u00bb","block_context":{"text":"NA","link":"https:\/\/www.edder.org\/?cat=3"},"img":{"alt_text":"","src":"","width":0,"height":0},"classes":[]},{"id":38,"url":"https:\/\/www.edder.org\/?p=38","url_meta":{"origin":11618,"position":2},"title":"Y el Servicio, \u00bfc\u00f3mo est\u00e1?","author":"Eder","date":"viernes, 20 Ene, 2006","format":false,"excerpt":"","rel":"","context":"En \u00abNA\u00bb","block_context":{"text":"NA","link":"https:\/\/www.edder.org\/?cat=3"},"img":{"alt_text":"","src":"","width":0,"height":0},"classes":[]},{"id":199,"url":"https:\/\/www.edder.org\/?p=199","url_meta":{"origin":11618,"position":3},"title":"Cosas de familia","author":"Eder","date":"viernes, 7 Nov, 2008","format":false,"excerpt":"La disputa en el seno de la derecha navarra\u2026 Pero vayamos por partes. Digo disputa porque cuanto hay de momento es eso: una disputa familiar, todo lo subida de tono que se quiera, pero nada m\u00e1s. Digo en el seno de la derecha navarra y no en el seno de\u2026","rel":"","context":"En \u00abNA\u00bb","block_context":{"text":"NA","link":"https:\/\/www.edder.org\/?cat=3"},"img":{"alt_text":"","src":"","width":0,"height":0},"classes":[]},{"id":228,"url":"https:\/\/www.edder.org\/?p=228","url_meta":{"origin":11618,"position":4},"title":"Maneras de vivir","author":"Eder","date":"viernes, 30 Ene, 2009","format":false,"excerpt":"","rel":"","context":"En \u00abNA\u00bb","block_context":{"text":"NA","link":"https:\/\/www.edder.org\/?cat=3"},"img":{"alt_text":"","src":"","width":0,"height":0},"classes":[]},{"id":657,"url":"https:\/\/www.edder.org\/?p=657","url_meta":{"origin":11618,"position":5},"title":"14 de abril, D\u00eda de la Rep\u00fablica","author":"Eder","date":"mi\u00e9rcoles, 14 Abr, 2010","format":false,"excerpt":"El Gobierno de Navarra, hoy, 14 de abril de 2010. Procesi\u00f3n y misa en el Palacio de Navarra, sede del Ejecutivo navarro: Noticia e im\u00e1genes de la NA-DA foral. Procesi\u00f3n y misa en el Parlamento de Navarra, sede del Legislativo navarro: Noticia e im\u00e1genes. En este momento no disponemos de\u2026","rel":"","context":"En \u00abNA\u00bb","block_context":{"text":"NA","link":"https:\/\/www.edder.org\/?cat=3"},"img":{"alt_text":"","src":"https:\/\/i0.wp.com\/www.edder.org\/upload\/2010\/04\/gobierno.gif?resize=350%2C200&ssl=1","width":350,"height":200},"classes":[]}],"jetpack_likes_enabled":true,"_links":{"self":[{"href":"https:\/\/www.edder.org\/index.php?rest_route=\/wp\/v2\/posts\/11618","targetHints":{"allow":["GET"]}}],"collection":[{"href":"https:\/\/www.edder.org\/index.php?rest_route=\/wp\/v2\/posts"}],"about":[{"href":"https:\/\/www.edder.org\/index.php?rest_route=\/wp\/v2\/types\/post"}],"author":[{"embeddable":true,"href":"https:\/\/www.edder.org\/index.php?rest_route=\/wp\/v2\/users\/82"}],"replies":[{"embeddable":true,"href":"https:\/\/www.edder.org\/index.php?rest_route=%2Fwp%2Fv2%2Fcomments&post=11618"}],"version-history":[{"count":0,"href":"https:\/\/www.edder.org\/index.php?rest_route=\/wp\/v2\/posts\/11618\/revisions"}],"wp:featuredmedia":[{"embeddable":true,"href":"https:\/\/www.edder.org\/index.php?rest_route=\/wp\/v2\/media\/11649"}],"wp:attachment":[{"href":"https:\/\/www.edder.org\/index.php?rest_route=%2Fwp%2Fv2%2Fmedia&parent=11618"}],"wp:term":[{"taxonomy":"category","embeddable":true,"href":"https:\/\/www.edder.org\/index.php?rest_route=%2Fwp%2Fv2%2Fcategories&post=11618"},{"taxonomy":"post_tag","embeddable":true,"href":"https:\/\/www.edder.org\/index.php?rest_route=%2Fwp%2Fv2%2Ftags&post=11618"}],"curies":[{"name":"wp","href":"https:\/\/api.w.org\/{rel}","templated":true}]}}