{"id":116,"date":"2007-11-02T19:56:32","date_gmt":"2007-11-02T17:56:32","guid":{"rendered":"https:\/\/www.edder.org\/?p=116"},"modified":"2018-07-27T16:38:29","modified_gmt":"2018-07-27T14:38:29","slug":"el-chotis-y-el-parne","status":"publish","type":"post","link":"https:\/\/www.edder.org\/?p=116","title":{"rendered":"El chotis y el parn\u00e9"},"content":{"rendered":"<p>Por en\u00e9sima vez: \u00bfcu\u00e1nto cost\u00f3 al Erario navarro la magna manifestaci\u00f3n oficial de aquel s\u00e1bado de marzo que se bas\u00f3 en supuestos tan desmentidos por los hechos como los sostenidos por del Burgo en <em>Navarra, el precio de la traici\u00f3n<\/em>, el \u00faltimo de sus best seller llevado por el viento? Puesto que los organizadores de tan magno y medi\u00e1tico acontecimiento jam\u00e1s han negado la evidencia de que metieron la mano en la caja de caudales p\u00fablicos para sufragar su particular demostraci\u00f3n pol\u00edtica ???que no, ni mucho menos, la de todos los navarros???, la pregunta sigue siendo cu\u00e1nto se sac\u00f3 de la caja para sufragar aquello. Se nos habr\u00eda olvida reformular la pregunta mil veces no contestada si no fuera porque Dem\u00f3stenes ha vuelto a campear por Madrid con su flam\u00edgera espada. Y ha vuelto a hacerlo, c\u00f3mo no, en el tono bravuc\u00f3n de aquellos d\u00edas de marzo que conmovieron al <em>Reyno<\/em>. Se entiende ???aunque mal??? que Sanz, estando en Madrid y entre glorias del PP, se crezca ret\u00f3ricamente y tenga dudas ???\u00bflas mismas que tiene el recalcitrante del Burgo o algunas menos???? sobre la autor\u00eda intelectual del 11-M. Lo que no se entiende de ninguna manera es que ni en marzo ni despu\u00e9s haya dado cuenta de lo extra\u00eddo de la caja de caudales p\u00fablicos para traernos un s\u00e1bado de marzo a tantas glorias triunfales del PP como entonces vinieron. No cab\u00eda esperar, pero tampoco sorprende del todo que, aterrizado en Madrid y enardecido por la presencia de aquellas mismas glorias que en marzo acudieron a triunfar en Navarra ???con \u00e9xito dudoso???, nuestro flam\u00edgero Dem\u00f3stenes se despachase con las bajezas ???las navajadas traperas??? propias de un ga\u00f1\u00e1n, como las que lanz\u00f3, <em>ad hominem<\/em> y desde el m\u00e1s rastrero juicio de intenciones, contra la persona de un opositor pol\u00edtico. El ambiente de chotis y chulapos del partido en que se vio inmerso el orador habr\u00eda contribuido a enardecer sus fiebres y fobias ret\u00f3ricas, aunque no por ello quede excusado. Como no lo est\u00e1 de darnos cuenta del gasto de aquel parn\u00e9 que nunca detall\u00f3.<\/p>\n<div align=\"right\">Publicado en <a target=\"blank\" href=\"http:\/\/www.noticiasdenavarra.com\/ediciones\/2007\/11\/02\/opinion\/contra.php\">Diario de Noticias<\/a><img class=\"lazyload\" decoding=\"async\" align=\"right\" title=\"dn\" alt=\"dn\" src=\"data:image\/gif;base64,R0lGODlhAQABAAAAACH5BAEKAAEALAAAAAABAAEAAAICTAEAOw==\" data-orig-src=\"https:\/\/www.edder.org\/images\/dn.gif\" \/><\/div>\n<p><img class=\"lazyload\" decoding=\"async\" src=\"data:image\/gif;base64,R0lGODlhAQABAAAAACH5BAEKAAEALAAAAAABAAEAAAICTAEAOw==\" data-orig-src=\"https:\/\/www.edder.org\/images\/marcas.gif\" alt=\"marcas\" \/><\/p>\n","protected":false},"excerpt":{"rendered":"<p>Por en\u00e9sima vez: \u00bfcu\u00e1nto cost\u00f3 al Erario navarro la magna manifestaci\u00f3n oficial de aquel s\u00e1bado de marzo que se bas\u00f3 en supuestos tan desmentidos por los hechos como los sostenidos por del Burgo en Navarra, el precio de la traici\u00f3n, el \u00faltimo de sus best seller llevado por el viento? Puesto que los organizadores de tan magno y medi\u00e1tico acontecimiento jam\u00e1s han negado la evidencia de que metieron la mano en la caja de caudales p\u00fablicos para sufragar su particular demostraci\u00f3n pol\u00edtica ???que no, ni mucho menos, la de todos los navarros???, la pregunta sigue siendo cu\u00e1nto se sac\u00f3 de la caja para sufragar aquello. Se nos habr\u00eda olvida reformular la pregunta mil veces no contestada si no fuera porque Dem\u00f3stenes ha vuelto a campear por Madrid  [&#8230;]<\/p>\n","protected":false},"author":82,"featured_media":0,"comment_status":"open","ping_status":"open","sticky":false,"template":"","format":"standard","meta":{"jetpack_post_was_ever_published":false,"_jetpack_newsletter_access":"","_jetpack_dont_email_post_to_subs":false,"_jetpack_newsletter_tier_id":0,"_jetpack_memberships_contains_paywalled_content":false,"_jetpack_memberships_contains_paid_content":false,"footnotes":"","jetpack_publicize_message":"","jetpack_publicize_feature_enabled":true,"jetpack_social_post_already_shared":false,"jetpack_social_options":{"image_generator_settings":{"template":"highway","default_image_id":0,"font":"","enabled":false},"version":2}},"categories":[3],"tags":[],"class_list":["post-116","post","type-post","status-publish","format-standard","hentry","category-na"],"jetpack_publicize_connections":[],"jetpack_featured_media_url":"","jetpack_shortlink":"https:\/\/wp.me\/p6kHv-1S","jetpack_sharing_enabled":true,"jetpack-related-posts":[{"id":433,"url":"https:\/\/www.edder.org\/?p=433","url_meta":{"origin":116,"position":0},"title":"Yes, they Can","author":"Eder","date":"viernes, 26 Jun, 2009","format":false,"excerpt":"Yes, they Can, o lo que es mismo: Sanz y Barcina seguir\u00e1n estando en la Can cuando el \u00faltimo pol\u00edtico que se vaya de Caja Navarra cierre la puerta. Es m\u00e1s: Sanz estar\u00eda en las altas esferas de Caja Navarra incluso en el poco veros\u00edmil supuesto de que hoy mismo\u2026","rel":"","context":"En \u00abNA\u00bb","block_context":{"text":"NA","link":"https:\/\/www.edder.org\/?cat=3"},"img":{"alt_text":"","src":"","width":0,"height":0},"classes":[]},{"id":83,"url":"https:\/\/www.edder.org\/?p=83","url_meta":{"origin":116,"position":1},"title":"Lo que pierden los poetas","author":"Eder","date":"viernes, 9 Feb, 2007","format":false,"excerpt":"Se fue la magna exposici\u00f3n del comisario Arbeloa \u2013la de los quinientos millones de pesetas\u2013 y no han llegado las charlas del magno congreso barojiano que dirigir\u00e1 Ram\u00f3n Tamames, otro desertor de la izquierda que hoy da curso a sus furias en los medios de la derecha asilvestrada \u2013la de\u2026","rel":"","context":"En \u00abNA\u00bb","block_context":{"text":"NA","link":"https:\/\/www.edder.org\/?cat=3"},"img":{"alt_text":"","src":"","width":0,"height":0},"classes":[]},{"id":577,"url":"https:\/\/www.edder.org\/?p=577","url_meta":{"origin":116,"position":2},"title":"El se\u00f1or Ferrari","author":"Eder","date":"domingo, 28 Feb, 2010","format":false,"excerpt":"Cuando el otro d\u00eda supe casualmente que uno de mis vecinos ya no era mi vecino \u2013se hab\u00eda vuelto al pa\u00eds del que vino hace no tanto, probablemente para siempre\u2013, me acord\u00e9 del se\u00f1or Ferrari. No me refiero a Enzo Ferrari, patr\u00f3n de la escuder\u00eda de coches de carreras a\u2026","rel":"","context":"En \u00abSin categorizar\u00bb","block_context":{"text":"Sin categorizar","link":"https:\/\/www.edder.org\/?cat=1"},"img":{"alt_text":"","src":"","width":0,"height":0},"classes":[]},{"id":152,"url":"https:\/\/www.edder.org\/?p=152","url_meta":{"origin":116,"position":3},"title":"\u00bfY t\u00fa ad\u00f3nde vas?","author":"Eder","date":"jueves, 29 May, 2008","format":false,"excerpt":"Es una de las grandes preguntas existenciales \u2013frente a otros m\u00e1s banales, como el \u201c\u00bfy t\u00fa de qu\u00e9 vas?\u201d\u2013 que sit\u00faa a cada cual en su lugar. Su lugar en el mundo o fuera de \u00e9l. \u00bfY t\u00fa ad\u00f3nde vas? Ad\u00f3nde vas, se sobreentiende, de vacaciones. Quien tiene un lugar\u2026","rel":"","context":"En \u00abNA\u00bb","block_context":{"text":"NA","link":"https:\/\/www.edder.org\/?cat=3"},"img":{"alt_text":"","src":"","width":0,"height":0},"classes":[]},{"id":139,"url":"https:\/\/www.edder.org\/?p=139","url_meta":{"origin":116,"position":4},"title":"Por preguntar","author":"Eder","date":"viernes, 7 Mar, 2008","format":false,"excerpt":"Hubo carta del Gobierno de Navarra. \u201cEl d\u00eda 19 abrimos las puertas del nuevo centro de urgencias Solchaga\u201d. \u00bfNuevo centro de urgencias Solchaga? \u00bfEs el viejo ambulatorio al que en el sitio web del Ayuntamiento de Pamplona se sigue llamando General Solchaga? \u00bfHay nueva denominaci\u00f3n oficial? Si as\u00ed fuera, \u00bfcu\u00e1ndo\u2026","rel":"","context":"En \u00abNA\u00bb","block_context":{"text":"NA","link":"https:\/\/www.edder.org\/?cat=3"},"img":{"alt_text":"","src":"","width":0,"height":0},"classes":[]},{"id":177,"url":"https:\/\/www.edder.org\/?p=177","url_meta":{"origin":116,"position":5},"title":"Crisis","author":"Eder","date":"viernes, 19 Sep, 2008","format":false,"excerpt":"Esto de la crisis es \u00bfqu\u00e9? Si no he entendido mal: 1. Que a principio de la d\u00e9cada empez\u00f3 a inflarse la burbuja inmobiliaria. 2. Que los bancos norteamericanos encontraron un fil\u00f3n en los subprime mortgage lending, cuya m\u00e1s expresiva traducci\u00f3n al castellano es las \u201chipotecas chicharro\u201d. Una hipoteca chicharro\u2026","rel":"","context":"En \u00abNA\u00bb","block_context":{"text":"NA","link":"https:\/\/www.edder.org\/?cat=3"},"img":{"alt_text":"","src":"","width":0,"height":0},"classes":[]}],"jetpack_likes_enabled":true,"_links":{"self":[{"href":"https:\/\/www.edder.org\/index.php?rest_route=\/wp\/v2\/posts\/116","targetHints":{"allow":["GET"]}}],"collection":[{"href":"https:\/\/www.edder.org\/index.php?rest_route=\/wp\/v2\/posts"}],"about":[{"href":"https:\/\/www.edder.org\/index.php?rest_route=\/wp\/v2\/types\/post"}],"author":[{"embeddable":true,"href":"https:\/\/www.edder.org\/index.php?rest_route=\/wp\/v2\/users\/82"}],"replies":[{"embeddable":true,"href":"https:\/\/www.edder.org\/index.php?rest_route=%2Fwp%2Fv2%2Fcomments&post=116"}],"version-history":[{"count":0,"href":"https:\/\/www.edder.org\/index.php?rest_route=\/wp\/v2\/posts\/116\/revisions"}],"wp:attachment":[{"href":"https:\/\/www.edder.org\/index.php?rest_route=%2Fwp%2Fv2%2Fmedia&parent=116"}],"wp:term":[{"taxonomy":"category","embeddable":true,"href":"https:\/\/www.edder.org\/index.php?rest_route=%2Fwp%2Fv2%2Fcategories&post=116"},{"taxonomy":"post_tag","embeddable":true,"href":"https:\/\/www.edder.org\/index.php?rest_route=%2Fwp%2Fv2%2Ftags&post=116"}],"curies":[{"name":"wp","href":"https:\/\/api.w.org\/{rel}","templated":true}]}}