{"id":1159,"date":"2010-10-22T12:49:05","date_gmt":"2010-10-22T11:49:05","guid":{"rendered":"https:\/\/www.edder.org\/?p=1159"},"modified":"2018-07-27T16:37:39","modified_gmt":"2018-07-27T14:37:39","slug":"el-oferton-pamplones","status":"publish","type":"post","link":"https:\/\/www.edder.org\/?p=1159","title":{"rendered":"El Ofert\u00f3n Pamplon\u00e9s"},"content":{"rendered":"<p>Para orfe&oacute;n, el Orfe&oacute;n Donostiarra. Y para ofert&oacute;n, el Ofert&oacute;n Pamplon&eacute;s. Que se lo pregunten si no al consejero de Cultura y Turismo, que no ha podido resistir la insuperable oferta del Ofert&oacute;n Pamplon&eacute;s &ndash;por lo dem&aacute;s, regularmente subvencionado por ese mismo consejero&ndash; para viajar a Guasint&oacute;n. Y por all&iacute;&nbsp; andan todos, por donde Lincoln dio las tres voces y por donde suele andar Barcina cada a&ntilde;o con su tur&iacute;stico s&eacute;quito, en tan inexcusables como infructuosas labores de promoci&oacute;n navarro-festiva, lo mismo que estos d&iacute;as han andado por aqu&iacute; unos mun&iacute;cipes de Yamaguchi. Los japoneses han quedado sorprendidos por lo tradicional &ndash;eso dijo uno de ellos, creo que el Mun&iacute;cipe M&aacute;ximo&ndash; que es todo esto. Escribo Guasint&oacute;n, parafraseando a los ordinarios del lugar que durante los pasados Sanfermines colgaron en el coso taurino pamplon&eacute;s la pancarta con la que declaraban su amor incondicional a nuestra Mun&iacute;cipe M&aacute;xima: &ldquo;&iexcl;Ol&eacute; tus g&uuml;ebs, Barcina!&rdquo;. La Mun&iacute;cipe M&aacute;xima no reconvino a tan soeces paisanos su poca polic&iacute;a de vocablos; vamos, que no les afe&oacute; su ordinariez. Ya advirti&oacute; aquel que toda reacci&oacute;n, toda contrailustraci&oacute;n, toda involuci&oacute;n conlleva una degradaci&oacute;n ling&uuml;&iacute;stica, una bajada del pist&oacute;n l&eacute;xico, una contundente ordinariez expresiva. V&eacute;ase si no el vocabulario de ocasi&oacute;n que suelen gastar golpistas y admiradores. Y en &eacute;sas o parecidas estamos, con esta derecha tan testicular que se manifiesta contra la interrupci&oacute;n voluntaria del embarazo &ndash;no en Navarra, claro, donde tal cosa no se da, as&iacute; que la ley diga misa&ndash; al grito de &ldquo;&iexcl;Viva la madre que nos trujo!&rdquo; y que declara su amor a la vaticanista Barcina con un rotundo &ldquo;&iexcl;ol&eacute; tus g&uuml;ebs!&rdquo;. No s&eacute; c&oacute;mo los palmeros de Barcina no salieron con su pancarta a la inauguraci&oacute;n de la nueva estatua papal que la Mun&iacute;cipe M&aacute;xima ha encasquetado a esta tradicional&iacute;sima ciudad. Ciudad que, pese a sus ofertones, qued&oacute; fuera de la carrera por la capitalidad europea de la cultura, en la que por descontado siguen los donostiarras y su orfe&oacute;n.<\/p>\n<p><img decoding=\"async\" alt=\"\" class=\"lazyload alignleft\" height=\"458\" src=\"data:image\/svg+xml,%3Csvg%20xmlns%3D%27http%3A%2F%2Fwww.w3.org%2F2000%2Fsvg%27%20width%3D%27700%27%20height%3D%27458%27%20viewBox%3D%270%200%20700%20458%27%3E%3Crect%20width%3D%27700%27%20height%3D%27458%27%20fill-opacity%3D%220%22%2F%3E%3C%2Fsvg%3E\" data-orig-src=\"http:\/\/edder.org\/images\/barcina_ole.jpg\" title=\"webs\" width=\"700\" \/><\/p>\n<p>&nbsp;<\/p>\n<p>Publicado en <a href=\"http:\/\/www.diariodenoticias.com\/opinion\/columnistas\/postal-expres\" target=\"blank\">Diario de Noticias<\/a><br \/>\n\t<img class=\"lazyload\" decoding=\"async\" align=\"right\" alt=\"dn\" src=\"data:image\/gif;base64,R0lGODlhAQABAAAAACH5BAEKAAEALAAAAAABAAEAAAICTAEAOw==\" data-orig-src=\"..\/images\/dn.gif\" title=\"dn\" \/><\/p>\n","protected":false},"excerpt":{"rendered":"<p>Para orfe&oacute;n, el Orfe&oacute;n Donostiarra. Y para ofert&oacute;n, el Ofert&oacute;n Pamplon&eacute;s. Que se lo pregunten si no al consejero de Cultura y Turismo, que no ha podido resistir la insuperable oferta del Ofert&oacute;n Pamplon&eacute;s &ndash;por lo dem&aacute;s, regularmente subvencionado por ese mismo consejero&ndash; para viajar a Guasint&oacute;n. Y por all&iacute;&nbsp; andan todos, por donde Lincoln dio las tres voces y por donde suele andar Barcina cada a&ntilde;o con su tur&iacute;stico s&eacute;quito, en tan inexcusables como infructuosas labores de promoci&oacute;n navarro-festiva, lo mismo que estos d&iacute;as han andado por aqu&iacute; unos mun&iacute;cipes de Yamaguchi. Los japoneses han quedado sorprendidos por lo tradicional &ndash;eso dijo uno de ellos, creo que el Mun&iacute;cipe M&aacute;ximo&ndash; que es todo esto. Escribo Guasint&oacute;n, parafraseando a los ordinarios del lugar que durante los pasados  [&#8230;]<\/p>\n","protected":false},"author":82,"featured_media":0,"comment_status":"open","ping_status":"open","sticky":false,"template":"","format":"standard","meta":{"jetpack_post_was_ever_published":false,"_jetpack_newsletter_access":"","_jetpack_dont_email_post_to_subs":false,"_jetpack_newsletter_tier_id":0,"_jetpack_memberships_contains_paywalled_content":false,"_jetpack_memberships_contains_paid_content":false,"footnotes":"","jetpack_publicize_message":"","jetpack_publicize_feature_enabled":true,"jetpack_social_post_already_shared":false,"jetpack_social_options":{"image_generator_settings":{"template":"highway","default_image_id":0,"font":"","enabled":false},"version":2}},"categories":[3],"tags":[],"class_list":["post-1159","post","type-post","status-publish","format-standard","hentry","category-na"],"jetpack_publicize_connections":[],"jetpack_featured_media_url":"","jetpack_shortlink":"https:\/\/wp.me\/p6kHv-iH","jetpack_sharing_enabled":true,"jetpack-related-posts":[{"id":12436,"url":"https:\/\/www.edder.org\/?p=12436","url_meta":{"origin":1159,"position":0},"title":"Sobre los Ca\u00eddos (Anselm Kiefer: otras rehabilitaciones)","author":"Eder","date":"lunes, 12 Oct, 2015","format":false,"excerpt":"Veo que hay quien ha tomado en consideraci\u00f3n alguno de los argumentos que expuse en mi art\u00edculo sobre el cambio de nombre de la plaza Conde de Rodezno y rompe el cerrado silencio pamplon\u00e9s\u00a0sobre ese asunto (\u00abNo perjudiquemos a los nuestros\u00bb, cuando los nuestros deben ser criticados m\u00e1s que los\u2026","rel":"","context":"En \u00abSin categorizar\u00bb","block_context":{"text":"Sin categorizar","link":"https:\/\/www.edder.org\/?cat=1"},"img":{"alt_text":"","src":"https:\/\/i0.wp.com\/edder.org\/images\/kiefer\/kiefer1.jpg?resize=350%2C200","width":350,"height":200,"srcset":"https:\/\/i0.wp.com\/edder.org\/images\/kiefer\/kiefer1.jpg?resize=350%2C200 1x, https:\/\/i0.wp.com\/edder.org\/images\/kiefer\/kiefer1.jpg?resize=525%2C300 1.5x"},"classes":[]},{"id":1766,"url":"https:\/\/www.edder.org\/?p=1766","url_meta":{"origin":1159,"position":1},"title":"Pamplona 1937. Tarde de cine","author":"Eder","date":"martes, 26 Abr, 2011","format":false,"excerpt":"Cin\u00e9filos: \u00a0 Cin\u00e9filos, porque sabido es que ni Riefenstahl ni Hitler, al planear El triunfo de la voluntad \u2014la parte m\u00e1s importante del programa cinematogr\u00e1fico pamplon\u00e9s\u2014, quer\u00edan hacer una pel\u00edcula pol\u00edtica: solo les interesaba el arte, como seguramente a los que acudieron a verla ese 31 de marzo de 1937.\u2026","rel":"","context":"En \u00abNA\u00bb","block_context":{"text":"NA","link":"https:\/\/www.edder.org\/?cat=3"},"img":{"alt_text":"","src":"https:\/\/i0.wp.com\/edder.org\/images\/programa.jpg?resize=350%2C200","width":350,"height":200,"srcset":"https:\/\/i0.wp.com\/edder.org\/images\/programa.jpg?resize=350%2C200 1x, https:\/\/i0.wp.com\/edder.org\/images\/programa.jpg?resize=525%2C300 1.5x"},"classes":[]},{"id":149,"url":"https:\/\/www.edder.org\/?p=149","url_meta":{"origin":1159,"position":2},"title":"Momenticos","author":"Eder","date":"viernes, 9 May, 2008","format":false,"excerpt":"El poeta y cl\u00e9rigo catal\u00e1n Jacint Verdaguer \u2013algo ultramontano, algo integrista\u2013 experimentaba esos inefables arranques de arrobo m\u00edstico a los que por aqu\u00ed damos en llamar \u2018momenticos\u2019 cuando ascend\u00eda a alguna cumbre del Pirineo. \u201cLos catalanes que suben aqu\u00ed \u2013dice el verso de un c\u00e9lebre poema de Verdaguer\u2013 aman todav\u00eda\u2026","rel":"","context":"En \u00abNA\u00bb","block_context":{"text":"NA","link":"https:\/\/www.edder.org\/?cat=3"},"img":{"alt_text":"","src":"","width":0,"height":0},"classes":[]},{"id":12675,"url":"https:\/\/www.edder.org\/?p=12675","url_meta":{"origin":1159,"position":3},"title":"Panglosiano y pamplon\u00e9s (valga la redundancia)","author":"Eder","date":"s\u00e1bado, 2 Ene, 2016","format":false,"excerpt":"En el Diario de Noticias de hoy (pp. 32-33) se descubre que, as\u00ed como Teruo Nakamura no se rindi\u00f3 al ej\u00e9rcito norteamericano hasta 30 a\u00f1os despu\u00e9s de que hubiese acabado la II Guerra Mundial, en los \u00faltimos treinta a\u00f1os ha habido en el ayuntamiento de Pamplona, oculto en un alg\u00fan\u2026","rel":"","context":"En \u00abNA\u00bb","block_context":{"text":"NA","link":"https:\/\/www.edder.org\/?cat=3"},"img":{"alt_text":"","src":"https:\/\/i0.wp.com\/www.edder.org\/upload\/2016\/01\/candido.jpg?resize=350%2C200&ssl=1","width":350,"height":200},"classes":[]},{"id":12352,"url":"https:\/\/www.edder.org\/?p=12352","url_meta":{"origin":1159,"position":4},"title":"De Rodezno a Esparza","author":"Eder","date":"martes, 22 Sep, 2015","format":false,"excerpt":"\u00a0 \u00a0 En contra de lo que dice Woody Allen en Wild Man Blues \u2013\u00abLo peor son los alcaldes\u00bb\u2013, los alcaldes son de lo mejor que \u00abel cambio\u00bb ha tra\u00eddo por el momento. Si bien el acalde de Pamplona no anda \u00faltimamente muy atinado. Particularmente desacertado me ha parecido Asiron\u2026","rel":"","context":"En \u00abSin categorizar\u00bb","block_context":{"text":"Sin categorizar","link":"https:\/\/www.edder.org\/?cat=1"},"img":{"alt_text":"","src":"https:\/\/i0.wp.com\/www.edder.org\/upload\/2015\/09\/caidos.gif?resize=350%2C200&ssl=1","width":350,"height":200,"srcset":"https:\/\/i0.wp.com\/www.edder.org\/upload\/2015\/09\/caidos.gif?resize=350%2C200&ssl=1 1x, https:\/\/i0.wp.com\/www.edder.org\/upload\/2015\/09\/caidos.gif?resize=525%2C300&ssl=1 1.5x"},"classes":[]},{"id":96,"url":"https:\/\/www.edder.org\/?p=96","url_meta":{"origin":1159,"position":5},"title":"Museo local de los horrores","author":"Eder","date":"viernes, 20 Abr, 2007","format":false,"excerpt":"Pues si hay que hacer un museo moderno, cosa en la que est\u00e1n de acuerdo casi todos los candidatos a la alcald\u00eda de Pamplona, \u00bfpor qu\u00e9 no hacer en Autobuses un museo de etnograf\u00eda moderna, ya que el Museo Julio Caro Baroja lo empaquet\u00f3 el consejero del ramo para hacerle\u2026","rel":"","context":"En \u00abNA\u00bb","block_context":{"text":"NA","link":"https:\/\/www.edder.org\/?cat=3"},"img":{"alt_text":"","src":"","width":0,"height":0},"classes":[]}],"jetpack_likes_enabled":true,"_links":{"self":[{"href":"https:\/\/www.edder.org\/index.php?rest_route=\/wp\/v2\/posts\/1159","targetHints":{"allow":["GET"]}}],"collection":[{"href":"https:\/\/www.edder.org\/index.php?rest_route=\/wp\/v2\/posts"}],"about":[{"href":"https:\/\/www.edder.org\/index.php?rest_route=\/wp\/v2\/types\/post"}],"author":[{"embeddable":true,"href":"https:\/\/www.edder.org\/index.php?rest_route=\/wp\/v2\/users\/82"}],"replies":[{"embeddable":true,"href":"https:\/\/www.edder.org\/index.php?rest_route=%2Fwp%2Fv2%2Fcomments&post=1159"}],"version-history":[{"count":0,"href":"https:\/\/www.edder.org\/index.php?rest_route=\/wp\/v2\/posts\/1159\/revisions"}],"wp:attachment":[{"href":"https:\/\/www.edder.org\/index.php?rest_route=%2Fwp%2Fv2%2Fmedia&parent=1159"}],"wp:term":[{"taxonomy":"category","embeddable":true,"href":"https:\/\/www.edder.org\/index.php?rest_route=%2Fwp%2Fv2%2Fcategories&post=1159"},{"taxonomy":"post_tag","embeddable":true,"href":"https:\/\/www.edder.org\/index.php?rest_route=%2Fwp%2Fv2%2Ftags&post=1159"}],"curies":[{"name":"wp","href":"https:\/\/api.w.org\/{rel}","templated":true}]}}