{"id":1156,"date":"2010-10-15T12:46:13","date_gmt":"2010-10-15T11:46:13","guid":{"rendered":"https:\/\/www.edder.org\/?p=1156"},"modified":"2018-07-27T16:37:39","modified_gmt":"2018-07-27T14:37:39","slug":"rancios-misterios","status":"publish","type":"post","link":"https:\/\/www.edder.org\/?p=1156","title":{"rendered":"Rancios misterios"},"content":{"rendered":"<p>Lo que da en llamarse la cultura navarra alcanz&oacute; el pasado mi&eacute;rcoles cotas de miseria dif&iacute;ciles de superar cuando el consejero del ramo entr&oacute; con un opositor parlamentario, supuestamente de izquierdas, en la discusi&oacute;n de si el <em>Misterio de Obanos<\/em>, fundado por un cl&eacute;rigo de armas tomar en los fragantes tiempos &ndash;fragantes por Fraga, claro, que a mediados de los 60 pon&iacute;a una vela a Dios con los misterios, autos sacramentales y dem&aacute;s irresistibles encantos tur&iacute;stico-religiosos de los devotos pueblos de la geograf&iacute;a espa&ntilde;ola, y otra al Diablo con Benidorm y dem&aacute;s descoques playeros del <em>Spain is different<\/em>&ndash;&hellip; Digo que fundado el <em>Misterio de Obanos<\/em> en los fragantes tiempos de los fraguistas Festivales de Espa&ntilde;a, vivi&oacute; su minuto de gloria con la obtenci&oacute;n del Premio Extraordinario Misterio de Elche, muri&oacute; por primera vez al morir Franco y el Estado nacionalcat&oacute;lico, resucit&oacute; a&ntilde;os despu&eacute;s merced a una fundaci&oacute;n en la que figuraba el mismo Fraga y el pasado mi&eacute;rcoles fue el d&iacute;a en que se discuti&oacute; en el Parlamento si se muere de nuevo por falta de subvenci&oacute;n &ndash;cosa que sostuvo el supuesto opositor de izquierdas, dispuesto a revivirlo como sea&ndash; o de muerte natural &ndash;una vez m&aacute;s&ndash;, dado que ni el turismo interior ni el exterior est&aacute;n por pasar por taquilla para ver esta clase de misterios. La discusi&oacute;n parlamentaria coincidi&oacute; &ndash;casualidades de la vida cultural navarra&ndash; con la llegada a la capital del <em>reyno<\/em> de la estatua papal que este fin de semana itinerar&aacute; procesionalmente por la ciudad, antes de encontrar su asiento definitivo en la rotonda que le corresponda. En la misma sesi&oacute;n de control parlamentario se habl&oacute; de la nueva etiqueta o &ldquo;label de calidad&rdquo;, como le llam&oacute; el titular de Cultura y Turismo, Fiesta de Inter&eacute;s Tur&iacute;stico de Navarra, cuyo aroma a demostraci&oacute;n folcl&oacute;rico-festiva de cuando Fraga era titular de Informaci&oacute;n y Turismo no puede ser m&aacute;s penetrante, as&iacute; que est&eacute; incluida en el muy moderno, muy liberal, seguro que muy tur&iacute;stico-cultural y algo misterioso Plan Moderna.<\/p>\n<p>&nbsp;<\/p>\n<p>Postdata:<\/p>\n<p>El art&iacute;culo tuvo en el peri&oacute;dico esta <a href=\"http:\/\/www.diariodenoticias.com\/2010\/11\/05\/vecinos\/zona-media\/en-defensa-del-misterio-de-obanos\" target=\"blank\">tecnocr&aacute;tica contestaci&oacute;n<\/a>.<\/p>\n<p>N&oacute;tese que el tecn&oacute;crata, tras preguntarse si es que pretendo &laquo;remover algo del pasado&raquo;, se refiere a la conocida autor&iacute;a literaria y musical del <em>Misterio<\/em>, pero seguramente por no incurrir en eso tan infame de remover el pasado, evita dar el nombre del alma m&aacute;ter, verdadero creador y principal animador del <em>Misterio de Obanos<\/em>: el padre <a href=\"http:\/\/es.wikipedia.org\/wiki\/Santos_Beguirist%C3%A1in\" target=\"blank\">Santos Beguirist&aacute;in<\/a>.<\/p>\n<p style=\"text-align: right;\"><a href=\"http:\/\/www.diariodenoticias.com\/opinion\/columnistas\/postal-expres\" target=\"blank\">Publicado en <\/a><a href=\"http:\/\/www.diariodenoticias.com\/opinion\/columnistas\/postal-expres\" target=\"blank\">Diario de Noticias<\/a><\/p>\n<p><img class=\"lazyload\" decoding=\"async\" align=\"right\" alt=\"dn\" src=\"data:image\/gif;base64,R0lGODlhAQABAAAAACH5BAEKAAEALAAAAAABAAEAAAICTAEAOw==\" data-orig-src=\"..\/images\/dn.gif\" title=\"dn\" \/><\/p>\n","protected":false},"excerpt":{"rendered":"<p>Lo que da en llamarse la cultura navarra alcanz&oacute; el pasado mi&eacute;rcoles cotas de miseria dif&iacute;ciles de superar cuando el consejero del ramo entr&oacute; con un opositor parlamentario, supuestamente de izquierdas, en la discusi&oacute;n de si el Misterio de Obanos, fundado por un cl&eacute;rigo de armas tomar en los fragantes tiempos &ndash;fragantes por Fraga, claro, que a mediados de los 60 pon&iacute;a una vela a Dios con los misterios, autos sacramentales y dem&aacute;s irresistibles encantos tur&iacute;stico-religiosos de los devotos pueblos de la geograf&iacute;a espa&ntilde;ola, y otra al Diablo con Benidorm y dem&aacute;s descoques playeros del Spain is different&ndash;&hellip; Digo que fundado el Misterio de Obanos en los fragantes tiempos de los fraguistas Festivales de Espa&ntilde;a, vivi&oacute; su minuto de gloria con la obtenci&oacute;n del Premio Extraordinario Misterio  [&#8230;]<\/p>\n","protected":false},"author":82,"featured_media":0,"comment_status":"open","ping_status":"open","sticky":false,"template":"","format":"standard","meta":{"jetpack_post_was_ever_published":false,"_jetpack_newsletter_access":"","_jetpack_dont_email_post_to_subs":false,"_jetpack_newsletter_tier_id":0,"_jetpack_memberships_contains_paywalled_content":false,"_jetpack_memberships_contains_paid_content":false,"footnotes":"","jetpack_publicize_message":"","jetpack_publicize_feature_enabled":true,"jetpack_social_post_already_shared":false,"jetpack_social_options":{"image_generator_settings":{"template":"highway","default_image_id":0,"font":"","enabled":false},"version":2}},"categories":[3],"tags":[],"class_list":["post-1156","post","type-post","status-publish","format-standard","hentry","category-na"],"jetpack_publicize_connections":[],"jetpack_featured_media_url":"","jetpack_shortlink":"https:\/\/wp.me\/p6kHv-iE","jetpack_sharing_enabled":true,"jetpack-related-posts":[{"id":29,"url":"https:\/\/www.edder.org\/?p=29","url_meta":{"origin":1156,"position":0},"title":"Noticias del M\u00e1s All\u00e1","author":"Eder","date":"viernes, 2 Dic, 2005","format":false,"excerpt":"\u00a0 \u00a0 \u00a0 \u00a0 La noticia de que el limbo carece de sustancia teol\u00f3gica consistente \u2014por lo que la curia romana sopesa prescindir de \u00e9l\u2014 ha eclipsado las \u00faltimas nuevas habidas sobre el paradero del Esp\u00edritu Santo. Seg\u00fan testigos oculares, hace unas cuatro semanas, el Esp\u00edritu Santo revolote\u00f3 por Pamplona\u2026","rel":"","context":"En \u00abNA\u00bb","block_context":{"text":"NA","link":"https:\/\/www.edder.org\/?cat=3"},"img":{"alt_text":"","src":"","width":0,"height":0},"classes":[]},{"id":770,"url":"https:\/\/www.edder.org\/?p=770","url_meta":{"origin":1156,"position":1},"title":"Breve carta a Michel Foucault (por R. Magritte)","author":"Eder","date":"s\u00e1bado, 3 Jul, 2010","format":false,"excerpt":"","rel":"","context":"En \u00abArtes\u00bb","block_context":{"text":"Artes","link":"https:\/\/www.edder.org\/?cat=85"},"img":{"alt_text":"","src":"https:\/\/i0.wp.com\/www.edder.org\/upload\/2010\/07\/Captura-de-pantalla-2018-03-19-a-las-20.46.47.png?resize=350%2C200&ssl=1","width":350,"height":200},"classes":[]},{"id":94,"url":"https:\/\/www.edder.org\/?p=94","url_meta":{"origin":1156,"position":2},"title":"Apasionados por t\u00ed y por ty","author":"Eder","date":"viernes, 6 Abr, 2007","format":false,"excerpt":"S\u00ed, lo s\u00e9: por mucho que ???s\u00ed??? o ???m\u00ed??? deban llevar tilde a menudo, no hay ninguna raz\u00f3n gramatical para ponerla sobre la i de ti ???y menos para escribir ty???. Pero el coraz\u00f3n conoce razones que la ortograf\u00eda no entiende y hay tis tan apasionados que c\u00f3mo no remarcarlos\u2026","rel":"","context":"En \u00abNA\u00bb","block_context":{"text":"NA","link":"https:\/\/www.edder.org\/?cat=3"},"img":{"alt_text":"","src":"","width":0,"height":0},"classes":[]},{"id":48248,"url":"https:\/\/www.edder.org\/?p=48248","url_meta":{"origin":1156,"position":3},"title":"Trump lier and, probably, loser (la verdad entre las mentiras)","author":"Eder","date":"mi\u00e9rcoles, 25 Mar, 2026","format":false,"excerpt":"","rel":"","context":"En \u00abActualidades\u00bb","block_context":{"text":"Actualidades","link":"https:\/\/www.edder.org\/?cat=802"},"img":{"alt_text":"","src":"https:\/\/i0.wp.com\/www.edder.org\/upload\/2026\/03\/Conferencia-de-Teheran.jpg?resize=350%2C200&ssl=1","width":350,"height":200,"srcset":"https:\/\/i0.wp.com\/www.edder.org\/upload\/2026\/03\/Conferencia-de-Teheran.jpg?resize=350%2C200&ssl=1 1x, https:\/\/i0.wp.com\/www.edder.org\/upload\/2026\/03\/Conferencia-de-Teheran.jpg?resize=525%2C300&ssl=1 1.5x, https:\/\/i0.wp.com\/www.edder.org\/upload\/2026\/03\/Conferencia-de-Teheran.jpg?resize=700%2C400&ssl=1 2x"},"classes":[]},{"id":4009,"url":"https:\/\/www.edder.org\/?p=4009","url_meta":{"origin":1156,"position":4},"title":"Del rinc\u00f3n en el cuadro perdida ve\u00edase el arca","author":"Eder","date":"martes, 6 Ene, 2015","format":false,"excerpt":"El misterio del arca perdida... \u00a0 Del sal\u00f3n en el \u00e1ngulo oscuro, de su due\u00f1a tal vez olvidada, silenciosa y cubierta de polvo, ve\u00edase el arca. \u00a1Cu\u00e1nta nota dorm\u00eda en sus cuerdas, como el p\u00e1jaro duerme en las ramas, esperando la mano de nieve que sabe arrancarlas! \u00a1Ay!, pens\u00e9; \u00a1cu\u00e1ntas\u2026","rel":"","context":"En \u00abCine\u00bb","block_context":{"text":"Cine","link":"https:\/\/www.edder.org\/?cat=79"},"img":{"alt_text":"","src":"","width":0,"height":0},"classes":[]},{"id":400,"url":"https:\/\/www.edder.org\/?p=400","url_meta":{"origin":1156,"position":5},"title":"La cr\u00edtica de arte","author":"Eder","date":"viernes, 29 May, 2009","format":false,"excerpt":"","rel":"","context":"En \u00abNA\u00bb","block_context":{"text":"NA","link":"https:\/\/www.edder.org\/?cat=3"},"img":{"alt_text":"dn","src":"https:\/\/i0.wp.com\/www.edder.org\/images\/beuys.jpg?resize=350%2C200","width":350,"height":200,"srcset":"https:\/\/i0.wp.com\/www.edder.org\/images\/beuys.jpg?resize=350%2C200 1x, https:\/\/i0.wp.com\/www.edder.org\/images\/beuys.jpg?resize=525%2C300 1.5x, https:\/\/i0.wp.com\/www.edder.org\/images\/beuys.jpg?resize=700%2C400 2x"},"classes":[]}],"jetpack_likes_enabled":true,"_links":{"self":[{"href":"https:\/\/www.edder.org\/index.php?rest_route=\/wp\/v2\/posts\/1156","targetHints":{"allow":["GET"]}}],"collection":[{"href":"https:\/\/www.edder.org\/index.php?rest_route=\/wp\/v2\/posts"}],"about":[{"href":"https:\/\/www.edder.org\/index.php?rest_route=\/wp\/v2\/types\/post"}],"author":[{"embeddable":true,"href":"https:\/\/www.edder.org\/index.php?rest_route=\/wp\/v2\/users\/82"}],"replies":[{"embeddable":true,"href":"https:\/\/www.edder.org\/index.php?rest_route=%2Fwp%2Fv2%2Fcomments&post=1156"}],"version-history":[{"count":0,"href":"https:\/\/www.edder.org\/index.php?rest_route=\/wp\/v2\/posts\/1156\/revisions"}],"wp:attachment":[{"href":"https:\/\/www.edder.org\/index.php?rest_route=%2Fwp%2Fv2%2Fmedia&parent=1156"}],"wp:term":[{"taxonomy":"category","embeddable":true,"href":"https:\/\/www.edder.org\/index.php?rest_route=%2Fwp%2Fv2%2Fcategories&post=1156"},{"taxonomy":"post_tag","embeddable":true,"href":"https:\/\/www.edder.org\/index.php?rest_route=%2Fwp%2Fv2%2Ftags&post=1156"}],"curies":[{"name":"wp","href":"https:\/\/api.w.org\/{rel}","templated":true}]}}