{"id":1154,"date":"2010-10-08T12:43:59","date_gmt":"2010-10-08T11:43:59","guid":{"rendered":"https:\/\/www.edder.org\/?p=1154"},"modified":"2018-12-29T19:22:01","modified_gmt":"2018-12-29T18:22:01","slug":"musealizacion-o-el-precio-de-una-lata","status":"publish","type":"post","link":"https:\/\/www.edder.org\/?p=1154","title":{"rendered":"Musealizaci\u00f3n (o el precio de una lata)"},"content":{"rendered":"<p>Le&iacute; el otro d&iacute;a una palabra que me dej&oacute; sin habla: &ldquo;musealizaci&oacute;n&rdquo;. Lo que ya no me sorprendi&oacute; tanto fue leer en el peri&oacute;dico de ayer que al compa&ntilde;ero de abajo le hab&iacute;an cobrado 2,50 por un Kas en un bar de lo Viejo, o dicho de manera que esos 2,50 euros parezcan m&aacute;s justificados, en un establecimiento hostelero del Centro Hist&oacute;rico pamplon&eacute;s. Lo de la musealizaci&oacute;n lo hab&iacute;a dicho en la Bienal de Venecia un campe&oacute;n mundial del blablabl&aacute; al que seguro que Mangado anhelar&aacute; traer al Baluarte, si es que Cultura y Turismo &ndash;que una vez ya nos trajo a Vargas Llosa, pero que no pudo permitirse volverlo a traer para el famoso congreso barojiano que nunca existi&oacute;&ndash; puede pagar su cach&eacute;: el arquitecto Rem Koolhaas. Paremos, dijo Koolhaas en Venecia, la musealizaci&oacute;n de las ciudades. Koolhaas, como los futuristas, a nada que le den ocasi&oacute;n para ello, se expresa con el ardor panfletario y la elocuencia telegr&aacute;fica de los manifiestos. La musealizaci&oacute;n de las ciudades, dicho sea con la ret&oacute;rica hueca de los grandes congresos y los mayores eventos gastron&oacute;micos de car&aacute;cter nocturno que en ellos se dan, es la fase &uacute;ltima del supuesto ennoblecimiento &ndash;&ldquo;gentrificaci&oacute;n&rdquo; que le dicen los pomposos congresistas&ndash; por el que lo Viejo se convierte en Centro Hist&oacute;rico, primero con vocaci&oacute;n de centro comercial y luego con pretensiones de parque tem&aacute;tico global en el que no han de faltar &aacute;reas muse&iacute;sticas hist&oacute;rico-art&iacute;sticas, &eacute;tnico-folcl&oacute;ricas y tur&iacute;stico-culturales. No s&eacute; decir en qu&eacute; &aacute;rea de esas tres entrar&aacute; la imprescindible infraestructura que musealizar&aacute; &ndash;con perd&oacute;n&ndash; los Sanfermines. La musealizaci&oacute;n es, pues, el proceso de embalsamamiento o embarcinamiento de los centros urbanos, con la consabida y conocida disgregaci&oacute;n de lo p&uacute;blico y lo c&iacute;vico, por el que las latas de refrescos se ponen en ellos en los mismos precios que alcanzan en lugares tan amenazadores para el bolsillo como las cafeter&iacute;as de los museos o los chiringuitos de tanto Disney World como hoy hay por doquier.<\/p>\n<p style=\"text-align: right;\">Publicado en <em>Diario de Noticias<\/em> (primavera, 2014)<\/p>\n<p><img class=\"lazyload\" decoding=\"async\" align=\"right\" alt=\"dn\" src=\"data:image\/gif;base64,R0lGODlhAQABAAAAACH5BAEKAAEALAAAAAABAAEAAAICTAEAOw==\" data-orig-src=\"..\/images\/dn.gif\" title=\"dn\" \/><\/p>\n","protected":false},"excerpt":{"rendered":"<p>Le&iacute; el otro d&iacute;a una palabra que me dej&oacute; sin habla: &ldquo;musealizaci&oacute;n&rdquo;. Lo que ya no me sorprendi&oacute; tanto fue leer en el peri&oacute;dico de ayer que al compa&ntilde;ero de abajo le hab&iacute;an cobrado 2,50 por un Kas en un bar de lo Viejo, o dicho de manera que esos 2,50 euros parezcan m&aacute;s justificados, en un establecimiento hostelero del Centro Hist&oacute;rico pamplon&eacute;s. Lo de la musealizaci&oacute;n lo hab&iacute;a dicho en la Bienal de Venecia un campe&oacute;n mundial del blablabl&aacute; al que seguro que Mangado anhelar&aacute; traer al Baluarte, si es que Cultura y Turismo &ndash;que una vez ya nos trajo a Vargas Llosa, pero que no pudo permitirse volverlo a traer para el famoso congreso barojiano que nunca existi&oacute;&ndash; puede pagar su cach&eacute;: el arquitecto Rem  [&#8230;]<\/p>\n","protected":false},"author":82,"featured_media":0,"comment_status":"open","ping_status":"open","sticky":false,"template":"","format":"standard","meta":{"jetpack_post_was_ever_published":false,"_jetpack_newsletter_access":"","_jetpack_dont_email_post_to_subs":false,"_jetpack_newsletter_tier_id":0,"_jetpack_memberships_contains_paywalled_content":false,"_jetpack_memberships_contains_paid_content":false,"footnotes":"","jetpack_publicize_message":"","jetpack_publicize_feature_enabled":true,"jetpack_social_post_already_shared":false,"jetpack_social_options":{"image_generator_settings":{"template":"highway","default_image_id":0,"font":"","enabled":false},"version":2}},"categories":[85,3],"tags":[121],"class_list":["post-1154","post","type-post","status-publish","format-standard","hentry","category-artes","category-na","tag-rem-koolhaas"],"jetpack_publicize_connections":[],"jetpack_featured_media_url":"","jetpack_shortlink":"https:\/\/wp.me\/p6kHv-iC","jetpack_sharing_enabled":true,"jetpack-related-posts":[{"id":1848,"url":"https:\/\/www.edder.org\/?p=1848","url_meta":{"origin":1154,"position":0},"title":"Cascajo","author":"Eder","date":"s\u00e1bado, 14 May, 2011","format":false,"excerpt":"Cascajeras, o de la inexcusable presencia del guijo en las \u00abcasas ic\u00f3nicas\u00bb de finales del siglo XX y comienzo del XXI. Rem Koolhaas, Casa de las afueras de Burdeos, 1998.","rel":"","context":"En \u00abArtes\u00bb","block_context":{"text":"Artes","link":"https:\/\/www.edder.org\/?cat=85"},"img":{"alt_text":"","src":"","width":0,"height":0},"classes":[]},{"id":13063,"url":"https:\/\/www.edder.org\/?p=13063","url_meta":{"origin":1154,"position":1},"title":"Sanz como humanista\u2026 Sir Norman como subversivo","author":"Eder","date":"lunes, 4 Jul, 2016","format":false,"excerpt":"El llamado \u00abcambio\u00bb tampoco cambia los congresos de la Fundaci\u00f3n Arquitectura y Sociedad, que nos trae a los Borbones de visita y de cuyo patronato, entre otros dinosaurios, forman parte el expresidente del Gobierno de Navarra M. Sanz, el exconsejero de Cultura J. R. Corpas y el exalcalde de Pamplona\u2026","rel":"","context":"En \u00abArtes\u00bb","block_context":{"text":"Artes","link":"https:\/\/www.edder.org\/?cat=85"},"img":{"alt_text":"","src":"https:\/\/i0.wp.com\/www.edder.org\/upload\/2016\/07\/vlcsnap-2016-07-04-20h08m04s227.png?resize=350%2C200&ssl=1","width":350,"height":200},"classes":[]},{"id":224,"url":"https:\/\/www.edder.org\/?p=224","url_meta":{"origin":1154,"position":2},"title":"Ni es TAV ni se le espera","author":"Eder","date":"viernes, 23 Ene, 2009","format":false,"excerpt":"Pues eso: que ni es TAV ni se le espera; pero, tranquilos, que la esTAVilidad de Navarra no va a peligrar porque el TAV ni est\u00e9 ni se le espere antes de las calendas griegas. Total, no hay cristal. Total, a conferenciantes como Sanz o su sucesora les pilla la\u2026","rel":"","context":"En \u00abNA\u00bb","block_context":{"text":"NA","link":"https:\/\/www.edder.org\/?cat=3"},"img":{"alt_text":"","src":"","width":0,"height":0},"classes":[]},{"id":15636,"url":"https:\/\/www.edder.org\/?p=15636","url_meta":{"origin":1154,"position":3},"title":"Costello, Marcus, Dylan, Thatcher, Wonder","author":"Eder","date":"martes, 3 Dic, 2019","format":false,"excerpt":"Elvis Costello en la Biblioteca P\u00fablica de Nueva York hablando del \u00abProfesor Marcus\u00bb \u2013quien a su vez ha sido traido aqu\u00ed para traer a colaci\u00f3n ciertas palabras de Bob Dylan\u2013 y su Rastro de carm\u00edn, de su canci\u00f3n sobre Margaret Thatcher y el pa\u00eds que esta dej\u00f3, de Steve Wonder,\u2026","rel":"","context":"En \u00abArtes\u00bb","block_context":{"text":"Artes","link":"https:\/\/www.edder.org\/?cat=85"},"img":{"alt_text":"","src":"https:\/\/i0.wp.com\/www.edder.org\/upload\/2019\/12\/costello1111.png?resize=350%2C200&ssl=1","width":350,"height":200},"classes":[]},{"id":150,"url":"https:\/\/www.edder.org\/?p=150","url_meta":{"origin":1154,"position":4},"title":"Deconstruyendo la alcachofa","author":"Eder","date":"viernes, 16 May, 2008","format":false,"excerpt":"","rel":"","context":"En \u00abNA\u00bb","block_context":{"text":"NA","link":"https:\/\/www.edder.org\/?cat=3"},"img":{"alt_text":"","src":"","width":0,"height":0},"classes":[]},{"id":462,"url":"https:\/\/www.edder.org\/?p=462","url_meta":{"origin":1154,"position":5},"title":"Jefferson (Mississippi). Hablemos de Faulkner","author":"Eder","date":"viernes, 4 Sep, 2009","format":false,"excerpt":"","rel":"","context":"En \u00abLetras\u00bb","block_context":{"text":"Letras","link":"https:\/\/www.edder.org\/?cat=93"},"img":{"alt_text":"","src":"","width":0,"height":0},"classes":[]}],"jetpack_likes_enabled":true,"_links":{"self":[{"href":"https:\/\/www.edder.org\/index.php?rest_route=\/wp\/v2\/posts\/1154","targetHints":{"allow":["GET"]}}],"collection":[{"href":"https:\/\/www.edder.org\/index.php?rest_route=\/wp\/v2\/posts"}],"about":[{"href":"https:\/\/www.edder.org\/index.php?rest_route=\/wp\/v2\/types\/post"}],"author":[{"embeddable":true,"href":"https:\/\/www.edder.org\/index.php?rest_route=\/wp\/v2\/users\/82"}],"replies":[{"embeddable":true,"href":"https:\/\/www.edder.org\/index.php?rest_route=%2Fwp%2Fv2%2Fcomments&post=1154"}],"version-history":[{"count":0,"href":"https:\/\/www.edder.org\/index.php?rest_route=\/wp\/v2\/posts\/1154\/revisions"}],"wp:attachment":[{"href":"https:\/\/www.edder.org\/index.php?rest_route=%2Fwp%2Fv2%2Fmedia&parent=1154"}],"wp:term":[{"taxonomy":"category","embeddable":true,"href":"https:\/\/www.edder.org\/index.php?rest_route=%2Fwp%2Fv2%2Fcategories&post=1154"},{"taxonomy":"post_tag","embeddable":true,"href":"https:\/\/www.edder.org\/index.php?rest_route=%2Fwp%2Fv2%2Ftags&post=1154"}],"curies":[{"name":"wp","href":"https:\/\/api.w.org\/{rel}","templated":true}]}}