{"id":1152,"date":"2010-10-01T12:41:31","date_gmt":"2010-10-01T11:41:31","guid":{"rendered":"https:\/\/www.edder.org\/?p=1152"},"modified":"2018-07-27T16:37:40","modified_gmt":"2018-07-27T14:37:40","slug":"desencuentros-del-74","status":"publish","type":"post","link":"https:\/\/www.edder.org\/?p=1152","title":{"rendered":"Desencuentros del 74"},"content":{"rendered":"<p>Navarra, las cosas como son, ha escrito p&aacute;ginas de oro en la historia del surrealismo. Con luz propia brillan los <em>momenticos<\/em> hist&oacute;ricos vividos en marzo de 1974, cuando el pamplon&eacute;s Antonio A&ntilde;overos (1909-1987), nuevo Obispo de Bilbao, invoc&oacute; el canon 2.334 del Concordato y amenaz&oacute; con excomulgar a Franco, General&iacute;simo de los Ej&eacute;rcitos. Lo surrealista es que, a A&ntilde;overos, a franquista no era f&aacute;cil ganarle. Pero eso, Arias Navarro y otros indocumentados del Gobierno no lo sab&iacute;an. De modo que cuando el nuevo Obispo de Bilbao consinti&oacute; la publicaci&oacute;n de la evanescente declaraci&oacute;n de amor a su tierra que el clero vasco ten&iacute;a preparada, Arias flet&oacute; un Myst&egrave;re del Ej&eacute;rcito del Aire para que recogiera al obispo y lo pusiera ipso facto en Portugal. El obispo dijo al literato &ndash;pues escrib&iacute;a&ndash; que fue a detenerlo, que si le tocaba un pelo, el Jefe del Estado quedaba excomulgado. As&iacute;, entre unos gobernantes de comuni&oacute;n diaria y los jerarcas que los paseaban bajo palio, se abri&oacute; la mayor crisis diplom&aacute;tica vivida desde la Desamortizaci&oacute;n de Mendiz&aacute;bal. Vinieron y fueron embajadores, mediadores, negociadores: una simple declaraci&oacute;n del terco navarro en favor de la indisoluble unidad de la Patria podr&iacute;a bastar. No hubo tal. Quiz&aacute;, quien fuese capell&aacute;n voluntario de requet&eacute;s &ndash;y a quien algunos testimonios sit&uacute;an como confesor de fusilados en el verano del 36&ndash; consideraba que la unidad de la Patria la hab&iacute;a forjado &eacute;l. La tensi&oacute;n subi&oacute; por las nubes cuando el antiguo capell&aacute;n de requet&eacute;s se present&oacute; en Madrid tocado con una txapela, en Pamplona prenda igual de t&iacute;pica entre partidarios de la unidad de la Patria que de su disgregaci&oacute;n.&nbsp; Un d&iacute;a, todo aquel globo que a Berlanga o a Arrabal no se les hubiera ocurrido inflar, se desinfl&oacute; solo, simplemente. Buscadores, wikipedias y dem&aacute;s ciberfamilia sit&uacute;an a nuestro surreal eclesi&aacute;stico en el &aacute;mbito del vasquismo y el antifranquismo. Nunca la difusi&oacute;n del error y de la desinformaci&oacute;n hab&iacute;a contado con tantos recursos como hoy tienen a su servicio.<\/p>\n<p style=\"text-align: right;\">Publicado en <a href=\"http:\/\/www.diariodenoticias.com\/opinion\/columnistas\/postal-expres\" target=\"blank\">Diario de Noticias<\/a><\/p>\n<p><img class=\"lazyload\" decoding=\"async\" align=\"right\" alt=\"dn\" src=\"data:image\/gif;base64,R0lGODlhAQABAAAAACH5BAEKAAEALAAAAAABAAEAAAICTAEAOw==\" data-orig-src=\"..\/images\/dn.gif\" title=\"dn\" \/><\/p>\n","protected":false},"excerpt":{"rendered":"<p>Navarra, las cosas como son, ha escrito p&aacute;ginas de oro en la historia del surrealismo. Con luz propia brillan los momenticos hist&oacute;ricos vividos en marzo de 1974, cuando el pamplon&eacute;s Antonio A&ntilde;overos (1909-1987), nuevo Obispo de Bilbao, invoc&oacute; el canon 2.334 del Concordato y amenaz&oacute; con excomulgar a Franco, General&iacute;simo de los Ej&eacute;rcitos. Lo surrealista es que, a A&ntilde;overos, a franquista no era f&aacute;cil ganarle. Pero eso, Arias Navarro y otros indocumentados del Gobierno no lo sab&iacute;an. De modo que cuando el nuevo Obispo de Bilbao consinti&oacute; la publicaci&oacute;n de la evanescente declaraci&oacute;n de amor a su tierra que el clero vasco ten&iacute;a preparada, Arias flet&oacute; un Myst&egrave;re del Ej&eacute;rcito del Aire para que recogiera al obispo y lo pusiera ipso facto en Portugal. El obispo dijo  [&#8230;]<\/p>\n","protected":false},"author":82,"featured_media":0,"comment_status":"open","ping_status":"open","sticky":false,"template":"","format":"standard","meta":{"jetpack_post_was_ever_published":false,"_jetpack_newsletter_access":"","_jetpack_dont_email_post_to_subs":true,"_jetpack_newsletter_tier_id":0,"_jetpack_memberships_contains_paywalled_content":false,"_jetpack_memberships_contains_paid_content":false,"footnotes":"","jetpack_publicize_message":"","jetpack_publicize_feature_enabled":true,"jetpack_social_post_already_shared":false,"jetpack_social_options":{"image_generator_settings":{"template":"highway","default_image_id":0,"font":"","enabled":false},"version":2}},"categories":[3,1],"tags":[120],"class_list":["post-1152","post","type-post","status-publish","format-standard","hentry","category-na","category-sin-categorizar","tag-antonio-anoveros"],"jetpack_publicize_connections":[],"jetpack_featured_media_url":"","jetpack_shortlink":"https:\/\/wp.me\/p6kHv-iA","jetpack_sharing_enabled":true,"jetpack-related-posts":[{"id":725,"url":"https:\/\/www.edder.org\/?p=725","url_meta":{"origin":1152,"position":0},"title":"Habemus obispo","author":"Eder","date":"viernes, 14 May, 2010","format":false,"excerpt":"Como no pod\u00eda ser de otra manera, habemus obispo. Ya tenemos cartel sanferminero and the winner is uno de los tres carteles episcopales \u2013quiero decir, con un obispo como motivo central\u2013 que hab\u00eda entre los seis primeros. El cartel ganador es el que presenta al legendario obispo de Pamplona llamado\u2026","rel":"","context":"En \u00abNA\u00bb","block_context":{"text":"NA","link":"https:\/\/www.edder.org\/?cat=3"},"img":{"alt_text":"","src":"","width":0,"height":0},"classes":[]},{"id":14021,"url":"https:\/\/www.edder.org\/?p=14021","url_meta":{"origin":1152,"position":1},"title":"La otra Javierada","author":"Eder","date":"domingo, 11 Mar, 2018","format":false,"excerpt":"","rel":"","context":"En \u00abArtes\u00bb","block_context":{"text":"Artes","link":"https:\/\/www.edder.org\/?cat=85"},"img":{"alt_text":"","src":"https:\/\/i0.wp.com\/www.edder.org\/upload\/2018\/03\/otras_javieradas2.jpg?resize=350%2C200&ssl=1","width":350,"height":200},"classes":[]},{"id":12800,"url":"https:\/\/www.edder.org\/?p=12800","url_meta":{"origin":1152,"position":2},"title":"Berlanga y las Javieradas: el nacionalcatolicismo que no cesa","author":"Eder","date":"domingo, 6 Mar, 2016","format":false,"excerpt":"Berlanga:","rel":"","context":"En \u00abNA\u00bb","block_context":{"text":"NA","link":"https:\/\/www.edder.org\/?cat=3"},"img":{"alt_text":"","src":"","width":0,"height":0},"classes":[]},{"id":99,"url":"https:\/\/www.edder.org\/?p=99","url_meta":{"origin":1152,"position":3},"title":"Dos cartas desde la fe","author":"Eder","date":"viernes, 11 May, 2007","format":false,"excerpt":"Ahora que el autor de las Cartas desde la fe vuelve a dar de qu\u00e9 hablar, quisiera decir algo sobre Manuel de Irujo. Qu\u00e9 duda cabe de que era un hombre de acci\u00f3n. Y de fe. Por si alguien lo duda, transcribo aqu\u00ed dos de sus cartas desde \u2014precisamente\u2014 la\u2026","rel":"","context":"En \u00abNA\u00bb","block_context":{"text":"NA","link":"https:\/\/www.edder.org\/?cat=3"},"img":{"alt_text":"","src":"","width":0,"height":0},"classes":[]},{"id":43841,"url":"https:\/\/www.edder.org\/?p=43841","url_meta":{"origin":1152,"position":4},"title":"Refutaci\u00f3n de Agust\u00edn, obispo amazig o bereber de Hipona","author":"Eder","date":"viernes, 15 Ago, 2025","format":false,"excerpt":"","rel":"","context":"En \u00abActualidades\u00bb","block_context":{"text":"Actualidades","link":"https:\/\/www.edder.org\/?cat=802"},"img":{"alt_text":"","src":"https:\/\/i0.wp.com\/www.edder.org\/upload\/2025\/08\/agustin.png?resize=350%2C200&ssl=1","width":350,"height":200,"srcset":"https:\/\/i0.wp.com\/www.edder.org\/upload\/2025\/08\/agustin.png?resize=350%2C200&ssl=1 1x, https:\/\/i0.wp.com\/www.edder.org\/upload\/2025\/08\/agustin.png?resize=525%2C300&ssl=1 1.5x, https:\/\/i0.wp.com\/www.edder.org\/upload\/2025\/08\/agustin.png?resize=700%2C400&ssl=1 2x, https:\/\/i0.wp.com\/www.edder.org\/upload\/2025\/08\/agustin.png?resize=1050%2C600&ssl=1 3x"},"classes":[]},{"id":38905,"url":"https:\/\/www.edder.org\/?p=38905","url_meta":{"origin":1152,"position":5},"title":"Moda en el Vaticano (Au Paradis toujours plus vite !)","author":"Eder","date":"domingo, 20 Sep, 2020","format":false,"excerpt":"","rel":"","context":"En \u00abCine\u00bb","block_context":{"text":"Cine","link":"https:\/\/www.edder.org\/?cat=79"},"img":{"alt_text":"","src":"https:\/\/i0.wp.com\/www.edder.org\/upload\/2020\/09\/paradis.jpg?resize=350%2C200&ssl=1","width":350,"height":200,"srcset":"https:\/\/i0.wp.com\/www.edder.org\/upload\/2020\/09\/paradis.jpg?resize=350%2C200&ssl=1 1x, https:\/\/i0.wp.com\/www.edder.org\/upload\/2020\/09\/paradis.jpg?resize=525%2C300&ssl=1 1.5x"},"classes":[]}],"jetpack_likes_enabled":true,"_links":{"self":[{"href":"https:\/\/www.edder.org\/index.php?rest_route=\/wp\/v2\/posts\/1152","targetHints":{"allow":["GET"]}}],"collection":[{"href":"https:\/\/www.edder.org\/index.php?rest_route=\/wp\/v2\/posts"}],"about":[{"href":"https:\/\/www.edder.org\/index.php?rest_route=\/wp\/v2\/types\/post"}],"author":[{"embeddable":true,"href":"https:\/\/www.edder.org\/index.php?rest_route=\/wp\/v2\/users\/82"}],"replies":[{"embeddable":true,"href":"https:\/\/www.edder.org\/index.php?rest_route=%2Fwp%2Fv2%2Fcomments&post=1152"}],"version-history":[{"count":0,"href":"https:\/\/www.edder.org\/index.php?rest_route=\/wp\/v2\/posts\/1152\/revisions"}],"wp:attachment":[{"href":"https:\/\/www.edder.org\/index.php?rest_route=%2Fwp%2Fv2%2Fmedia&parent=1152"}],"wp:term":[{"taxonomy":"category","embeddable":true,"href":"https:\/\/www.edder.org\/index.php?rest_route=%2Fwp%2Fv2%2Fcategories&post=1152"},{"taxonomy":"post_tag","embeddable":true,"href":"https:\/\/www.edder.org\/index.php?rest_route=%2Fwp%2Fv2%2Ftags&post=1152"}],"curies":[{"name":"wp","href":"https:\/\/api.w.org\/{rel}","templated":true}]}}