{"id":1141,"date":"2010-09-24T10:16:29","date_gmt":"2010-09-24T09:16:29","guid":{"rendered":"https:\/\/www.edder.org\/?p=1141"},"modified":"2018-07-27T16:37:40","modified_gmt":"2018-07-27T14:37:40","slug":"pamplona-un-lujo","status":"publish","type":"post","link":"https:\/\/www.edder.org\/?p=1141","title":{"rendered":"Pamplona, un lujo"},"content":{"rendered":"<p><img decoding=\"async\" alt=\"\" class=\"lazyload alignleft\" src=\"data:image\/gif;base64,R0lGODlhAQABAAAAACH5BAEKAAEALAAAAAABAAEAAAICTAEAOw==\" data-orig-src=\"https:\/\/www.edder.org\/images\/saide.jpg\" style=\"width: 283px; height: 224px;\" title=\"saide\" \/>As&iacute; que el mi&eacute;rcoles, a las diez menos cuarto de la noche y a la altura de los billares Liverpool, dej&eacute; a mi izquierda un panel de dimensiones sovi&eacute;ticas que hac&iacute;a propaganda de no s&eacute; qu&eacute; otra bulla de Mangado y segu&iacute; adelante. Quiz&aacute; porque iba al cine, me acord&eacute; de que Liverpool estar&iacute;a en mi lista de las pel&iacute;culas m&aacute;s bellamente desoladoras de la primera d&eacute;cada del siglo XXI, y me acord&eacute; de aquella en la que Ingrid Bergman dec&iacute;a: &ldquo;&iexcl;Patriotas! &iexcl;En una mano llevan la bandera y con la otra van vaciando los bolsillos de la gente!&rdquo;. Es que me vino a la memoria la tumultuosa jura de bandera de septiembre de 2006 en la que Pachi &ndash;y Pucho&ndash; declararon su amor a la patria en Aizo&aacute;in. Pas&eacute; sobre el oscuro aparcamiento en construcci&oacute;n de la calle Olite, dej&eacute; atr&aacute;s a alg&uacute;n grupo de poteadores natos &ndash;nacidos para potear&ndash;, super&eacute; una cervecer&iacute;a donde la parroquia segu&iacute;a en la pantalla las evoluciones de la filosof&iacute;a de Guardiola y entre en el cine. La sala 1, donde deb&iacute;a proyectarse <em>Ne change rien<\/em>, del portugu&eacute;s Pedro Costa, estaba desierta. Pas&oacute; el tiempo. Nadie. A las diez, el &eacute;xito de Chuck Berry que sonaba se interrumpi&oacute; abruptamente y me dije: ahora es cuando me invitan a irme a casa, dada la clamorosa falta de qu&oacute;rum. Pero no. Se hizo el silencio. La luz rasg&oacute; la oscuridad como en las viejas pel&iacute;culas de vampiros y Jeanne Balibar empez&oacute; a cantar las mismas canciones, una y otra vez, buscando una emoci&oacute;n, un tono, un v&iacute;nculo, igual que el director en cada secuencia. Hora y media de cine despu&eacute;s sal&iacute; a la calle, mir&eacute; al agujero del aparcamiento y me dije: Pamplona, qu&eacute; lujo. Quiz&aacute; la &uacute;nica ciudad del mundo donde se puede ver una pel&iacute;cula de Pedro Costa con toda la sala para ti. Tal vez la &uacute;nica capaz de cerrar su biblioteca general por un a&ntilde;o y, desde luego, ninguna m&aacute;s dispuesta que ella a sacrificar partidas del presupuesto cultural con tal de financiar a sus Pachis predilectos los congresos internacionales y las obras c&oacute;smicas precisas para el que mundo los reconozca.<\/p>\n<p>&nbsp;<\/p>\n<p style=\"text-align: right;\">Publicado en <a href=\"http:\/\/www.diariodenoticias.com\/opinion\/columnistas\/postal-expres\" target=\"blank\">Diario de Noticias<\/a><\/p>\n<p><img class=\"lazyload\" decoding=\"async\" align=\"right\" alt=\"dn\" src=\"data:image\/gif;base64,R0lGODlhAQABAAAAACH5BAEKAAEALAAAAAABAAEAAAICTAEAOw==\" data-orig-src=\"..\/images\/dn.gif\" title=\"dn\" \/><\/p>\n","protected":false},"excerpt":{"rendered":"<p>As&iacute; que el mi&eacute;rcoles, a las diez menos cuarto de la noche y a la altura de los billares Liverpool, dej&eacute; a mi izquierda un panel de dimensiones sovi&eacute;ticas que hac&iacute;a propaganda de no s&eacute; qu&eacute; otra bulla de Mangado y segu&iacute; adelante. Quiz&aacute; porque iba al cine, me acord&eacute; de que Liverpool estar&iacute;a en mi lista de las pel&iacute;culas m&aacute;s bellamente desoladoras de la primera d&eacute;cada del siglo XXI, y me acord&eacute; de aquella en la que Ingrid Bergman dec&iacute;a: &ldquo;&iexcl;Patriotas! &iexcl;En una mano llevan la bandera y con la otra van vaciando los bolsillos de la gente!&rdquo;. Es que me vino a la memoria la tumultuosa jura de bandera de septiembre de 2006 en la que Pachi &ndash;y Pucho&ndash; declararon su amor a la patria  [&#8230;]<\/p>\n","protected":false},"author":82,"featured_media":0,"comment_status":"open","ping_status":"open","sticky":false,"template":"","format":"standard","meta":{"jetpack_post_was_ever_published":false,"_jetpack_newsletter_access":"","_jetpack_dont_email_post_to_subs":false,"_jetpack_newsletter_tier_id":0,"_jetpack_memberships_contains_paywalled_content":false,"_jetpack_memberships_contains_paid_content":false,"footnotes":"","jetpack_publicize_message":"","jetpack_publicize_feature_enabled":true,"jetpack_social_post_already_shared":false,"jetpack_social_options":{"image_generator_settings":{"template":"highway","default_image_id":0,"font":"","enabled":false},"version":2}},"categories":[79,3],"tags":[81],"class_list":["post-1141","post","type-post","status-publish","format-standard","hentry","category-cine","category-na","tag-pedro-costa"],"jetpack_publicize_connections":[],"jetpack_featured_media_url":"","jetpack_shortlink":"https:\/\/wp.me\/p6kHv-ip","jetpack_sharing_enabled":true,"jetpack-related-posts":[{"id":13630,"url":"https:\/\/www.edder.org\/?p=13630","url_meta":{"origin":1141,"position":0},"title":"Patriotas de Navarra (navarradas)","author":"Eder","date":"domingo, 4 Jun, 2017","format":false,"excerpt":"","rel":"","context":"En \u00abNA\u00bb","block_context":{"text":"NA","link":"https:\/\/www.edder.org\/?cat=3"},"img":{"alt_text":"","src":"https:\/\/i0.wp.com\/www.edder.org\/upload\/2017\/06\/banderita.png?resize=350%2C200&ssl=1","width":350,"height":200},"classes":[]},{"id":577,"url":"https:\/\/www.edder.org\/?p=577","url_meta":{"origin":1141,"position":1},"title":"El se\u00f1or Ferrari","author":"Eder","date":"domingo, 28 Feb, 2010","format":false,"excerpt":"Cuando el otro d\u00eda supe casualmente que uno de mis vecinos ya no era mi vecino \u2013se hab\u00eda vuelto al pa\u00eds del que vino hace no tanto, probablemente para siempre\u2013, me acord\u00e9 del se\u00f1or Ferrari. No me refiero a Enzo Ferrari, patr\u00f3n de la escuder\u00eda de coches de carreras a\u2026","rel":"","context":"En \u00abSin categorizar\u00bb","block_context":{"text":"Sin categorizar","link":"https:\/\/www.edder.org\/?cat=1"},"img":{"alt_text":"","src":"","width":0,"height":0},"classes":[]},{"id":44071,"url":"https:\/\/www.edder.org\/?p=44071","url_meta":{"origin":1141,"position":2},"title":"Un correr \u00absottoproletario\u00bb. Como la Virgen de un descendimiento","author":"Eder","date":"mi\u00e9rcoles, 1 Oct, 2025","format":false,"excerpt":"","rel":"","context":"En \u00abCine\u00bb","block_context":{"text":"Cine","link":"https:\/\/www.edder.org\/?cat=79"},"img":{"alt_text":"","src":"https:\/\/i0.wp.com\/www.edder.org\/upload\/2025\/09\/virgin.png?resize=350%2C200&ssl=1","width":350,"height":200,"srcset":"https:\/\/i0.wp.com\/www.edder.org\/upload\/2025\/09\/virgin.png?resize=350%2C200&ssl=1 1x, https:\/\/i0.wp.com\/www.edder.org\/upload\/2025\/09\/virgin.png?resize=525%2C300&ssl=1 1.5x, https:\/\/i0.wp.com\/www.edder.org\/upload\/2025\/09\/virgin.png?resize=700%2C400&ssl=1 2x, https:\/\/i0.wp.com\/www.edder.org\/upload\/2025\/09\/virgin.png?resize=1050%2C600&ssl=1 3x"},"classes":[]},{"id":47773,"url":"https:\/\/www.edder.org\/?p=47773","url_meta":{"origin":1141,"position":3},"title":"Jos\u00e9 Mart\u00ednez de Sousa (1933-2026)","author":"Eder","date":"jueves, 5 Feb, 2026","format":false,"excerpt":"","rel":"","context":"En \u00abActualidades\u00bb","block_context":{"text":"Actualidades","link":"https:\/\/www.edder.org\/?cat=802"},"img":{"alt_text":"","src":"https:\/\/i0.wp.com\/www.edder.org\/upload\/2026\/02\/Screenshot-2026-02-05-at-19.31.33.png?resize=350%2C200&ssl=1","width":350,"height":200,"srcset":"https:\/\/i0.wp.com\/www.edder.org\/upload\/2026\/02\/Screenshot-2026-02-05-at-19.31.33.png?resize=350%2C200&ssl=1 1x, https:\/\/i0.wp.com\/www.edder.org\/upload\/2026\/02\/Screenshot-2026-02-05-at-19.31.33.png?resize=525%2C300&ssl=1 1.5x, https:\/\/i0.wp.com\/www.edder.org\/upload\/2026\/02\/Screenshot-2026-02-05-at-19.31.33.png?resize=700%2C400&ssl=1 2x, https:\/\/i0.wp.com\/www.edder.org\/upload\/2026\/02\/Screenshot-2026-02-05-at-19.31.33.png?resize=1050%2C600&ssl=1 3x"},"classes":[]},{"id":12931,"url":"https:\/\/www.edder.org\/?p=12931","url_meta":{"origin":1141,"position":4},"title":"Contra Sainte-Beuve","author":"Eder","date":"jueves, 19 May, 2016","format":false,"excerpt":"La casa recomienda esta o cualquier otra semana:","rel":"","context":"En \u00abCine\u00bb","block_context":{"text":"Cine","link":"https:\/\/www.edder.org\/?cat=79"},"img":{"alt_text":"","src":"https:\/\/i0.wp.com\/www.edder.org\/upload\/2016\/05\/contra2.jpg?resize=350%2C200&ssl=1","width":350,"height":200},"classes":[]},{"id":212,"url":"https:\/\/www.edder.org\/?p=212","url_meta":{"origin":1141,"position":5},"title":"En un bel\u00e9n de la Mancha\u2026","author":"Eder","date":"viernes, 19 Dic, 2008","format":false,"excerpt":"C\u00f3mo no subscribir el lema que los comerciantes pamploneses de lo viejo \u2013la gente de una edad siempre le hemos llamado as\u00ed y para qu\u00e9 vamos a andarnos con neologismos\u2013 han lanzado en campa\u00f1a navide\u00f1a: \u201cNo permitas que el coraz\u00f3n de tu ciudad deje latir\u201d. Latidos del coraz\u00f3n. Latidos que\u2026","rel":"","context":"En \u00abNA\u00bb","block_context":{"text":"NA","link":"https:\/\/www.edder.org\/?cat=3"},"img":{"alt_text":"","src":"","width":0,"height":0},"classes":[]}],"jetpack_likes_enabled":true,"_links":{"self":[{"href":"https:\/\/www.edder.org\/index.php?rest_route=\/wp\/v2\/posts\/1141","targetHints":{"allow":["GET"]}}],"collection":[{"href":"https:\/\/www.edder.org\/index.php?rest_route=\/wp\/v2\/posts"}],"about":[{"href":"https:\/\/www.edder.org\/index.php?rest_route=\/wp\/v2\/types\/post"}],"author":[{"embeddable":true,"href":"https:\/\/www.edder.org\/index.php?rest_route=\/wp\/v2\/users\/82"}],"replies":[{"embeddable":true,"href":"https:\/\/www.edder.org\/index.php?rest_route=%2Fwp%2Fv2%2Fcomments&post=1141"}],"version-history":[{"count":0,"href":"https:\/\/www.edder.org\/index.php?rest_route=\/wp\/v2\/posts\/1141\/revisions"}],"wp:attachment":[{"href":"https:\/\/www.edder.org\/index.php?rest_route=%2Fwp%2Fv2%2Fmedia&parent=1141"}],"wp:term":[{"taxonomy":"category","embeddable":true,"href":"https:\/\/www.edder.org\/index.php?rest_route=%2Fwp%2Fv2%2Fcategories&post=1141"},{"taxonomy":"post_tag","embeddable":true,"href":"https:\/\/www.edder.org\/index.php?rest_route=%2Fwp%2Fv2%2Ftags&post=1141"}],"curies":[{"name":"wp","href":"https:\/\/api.w.org\/{rel}","templated":true}]}}