{"id":114,"date":"2007-10-19T21:47:30","date_gmt":"2007-10-19T19:47:30","guid":{"rendered":"https:\/\/www.edder.org\/?p=114"},"modified":"2018-07-27T16:38:29","modified_gmt":"2018-07-27T14:38:29","slug":"memoria-y-olvido","status":"publish","type":"post","link":"https:\/\/www.edder.org\/?p=114","title":{"rendered":"Memoria y olvido"},"content":{"rendered":"<p style=\"text-align: justify;\">La desalentadoras declaraciones a las agencias de prensa en materia c&iacute;vica del nuevo arzobispo de Pamplona y obispo de Tudela, se&ntilde;or P&eacute;rez &ndash;el se&ntilde;or que al hilo de la llamada Ley de Memoria ha hablado de la irreversibilidad de los pantanos franquistas: ese mismo se&ntilde;or que nos invita al saludable ejercicio de olvidar de una vez por todas lo que no tiene vuelta de hoja&ndash;, se comentan por s&iacute; solas. Nada, pues, que comentar, salvo el desaliento. No pongamos al se&ntilde;or P&eacute;rez, ni al diputado popular que el pasado mi&eacute;rcoles habl&oacute; en el Congreso de que dicha ley instaurar&aacute; &laquo;muertos de primera y de segunda&raquo; en el aprieto de decirnos qu&eacute; clase de &laquo;muertos de segunda&raquo; son los 498 m&aacute;rtires, exclusivamente del bando de la insurrecci&oacute;n militar, que Roma beatificar&aacute; pr&oacute;ximamente. Adem&aacute;s, el antes arzobispo castrense no habr&aacute; tenido tiempo de conocer el colegio V&iacute;ctor Pradera o la calle Joaqu&iacute;n Be&uacute;nza, por dar dos nombres de los muchos &laquo;muertos de segunda&raquo; a los que la nacional-cat&oacute;lica di&oacute;cesis de Pamplona ha recordado durante decenios en su nomencl&aacute;tor urbano. Para qu&eacute; decirle a quien produce semejante desaliento que, as&iacute; como el perd&oacute;n requiere de la contrici&oacute;n, el dolor de coraz&oacute;n y el prop&oacute;sito de la enmienda, el olvido precisa de la memoria y la verdad hist&oacute;rica: del restablecimiento previo del nombre y la dignidad de aquellos defensores de la legalidad que no s&oacute;lo no se vieron reconocidos en el callejero, sino cuyos nombres ni siquiera fueron escritos en una tumba. El auxilio sacerdotal en el violento tr&aacute;nsito de todos aquellos antim&aacute;rtires a los que Roma no beatificar&aacute; y para los que el se&ntilde;or P&eacute;rez pide el olvido, no lleg&oacute; a esa m&iacute;nima misericordia &ndash;virtud que, sin embargo, el se&ntilde;or P&eacute;rez preconiza&ndash;: una l&aacute;pida, una esquela, algo adonde pudiera agarrarse el recuerdo de sus seres pr&oacute;ximos. Que tan desalentadora misericordia &ndash;tal como &eacute;l y sus antecesores la entendieron&ndash; quede con el se&ntilde;or P&eacute;rez y que la memoria nos acompa&ntilde;e en el camino c&iacute;vico hacia lo que es justo.<\/p>\n","protected":false},"excerpt":{"rendered":"<p>La desalentadoras declaraciones a las agencias de prensa en materia c&iacute;vica del nuevo arzobispo de Pamplona y obispo de Tudela, se&ntilde;or P&eacute;rez &ndash;el se&ntilde;or que al hilo de la llamada Ley de Memoria ha hablado de la irreversibilidad de los pantanos franquistas: ese mismo se&ntilde;or que nos invita al saludable ejercicio de olvidar de una vez por todas lo que no tiene vuelta de hoja&ndash;, se comentan por s&iacute; solas. Nada, pues, que comentar, salvo el desaliento. No pongamos al se&ntilde;or P&eacute;rez, ni al diputado popular que el pasado mi&eacute;rcoles habl&oacute; en el Congreso de que dicha ley instaurar&aacute; &laquo;muertos de primera y de segunda&raquo; en el aprieto de decirnos qu&eacute; clase de &laquo;muertos de segunda&raquo; son los 498 m&aacute;rtires, exclusivamente del bando de la insurrecci&oacute;n militar,  [&#8230;]<\/p>\n","protected":false},"author":82,"featured_media":0,"comment_status":"open","ping_status":"open","sticky":false,"template":"","format":"standard","meta":{"jetpack_post_was_ever_published":false,"_jetpack_newsletter_access":"","_jetpack_dont_email_post_to_subs":false,"_jetpack_newsletter_tier_id":0,"_jetpack_memberships_contains_paywalled_content":false,"_jetpack_memberships_contains_paid_content":false,"footnotes":"","jetpack_publicize_message":"","jetpack_publicize_feature_enabled":true,"jetpack_social_post_already_shared":false,"jetpack_social_options":{"image_generator_settings":{"template":"highway","default_image_id":0,"font":"","enabled":false},"version":2}},"categories":[3],"tags":[],"class_list":["post-114","post","type-post","status-publish","format-standard","hentry","category-na"],"jetpack_publicize_connections":[],"jetpack_featured_media_url":"","jetpack_shortlink":"https:\/\/wp.me\/p6kHv-1Q","jetpack_sharing_enabled":true,"jetpack-related-posts":[{"id":2,"url":"https:\/\/www.edder.org\/?p=2","url_meta":{"origin":114,"position":0},"title":"Pamplonesas todas","author":"Eder","date":"domingo, 25 Sep, 2005","format":false,"excerpt":"En estos momentos de universal alegr\u00eda y et\u00edlico desvar\u00edo \u2013aqu\u00ed como en Londres\u2013, perm\u00edtanme presentarme: Javier Eder, cada ma\u00f1ana en directo para ustedes \u2013si el tiempo y el percance et\u00edlico no lo impiden\u2013, desde Pamplona-Iru\u00f1a, capital del continente navarro y epicentro del universo. Que Pamplona es el epicentro del terremoto\u2026","rel":"","context":"En \u00abNA\u00bb","block_context":{"text":"NA","link":"https:\/\/www.edder.org\/?cat=3"},"img":{"alt_text":"","src":"","width":0,"height":0},"classes":[]},{"id":26,"url":"https:\/\/www.edder.org\/?p=26","url_meta":{"origin":114,"position":1},"title":"\u00bfSe\u00f1or o Truh\u00e1n?","author":"Eder","date":"viernes, 11 Nov, 2005","format":false,"excerpt":"Ricardo de Le\u00f3n: el ex embajador plenipotenciario del Reyno en la Villa y Corte. Si es verdad, como se informaba ayer, de que en su calidad de gerente de Humanismo y Democracia ???con un sueldo de 44.619 euros anuales, entre otras remuneraciones??? se contrat\u00f3 a s\u00ed mismo en oficios de\u2026","rel":"","context":"En \u00abNA\u00bb","block_context":{"text":"NA","link":"https:\/\/www.edder.org\/?cat=3"},"img":{"alt_text":"","src":"","width":0,"height":0},"classes":[]},{"id":48303,"url":"https:\/\/www.edder.org\/?p=48303","url_meta":{"origin":114,"position":2},"title":"Rota y Mor\u00f3n: recuerdos del Se\u00f1or Conde y tambi\u00e9n Se\u00f1or Marqu\u00e9s","author":"Eder","date":"lunes, 30 Mar, 2026","format":false,"excerpt":"","rel":"","context":"En \u00abActualidades\u00bb","block_context":{"text":"Actualidades","link":"https:\/\/www.edder.org\/?cat=802"},"img":{"alt_text":"","src":"https:\/\/i0.wp.com\/www.edder.org\/upload\/2026\/03\/Screenshot-2026-03-30-at-12.14.27.png?resize=350%2C200&ssl=1","width":350,"height":200,"srcset":"https:\/\/i0.wp.com\/www.edder.org\/upload\/2026\/03\/Screenshot-2026-03-30-at-12.14.27.png?resize=350%2C200&ssl=1 1x, https:\/\/i0.wp.com\/www.edder.org\/upload\/2026\/03\/Screenshot-2026-03-30-at-12.14.27.png?resize=525%2C300&ssl=1 1.5x, https:\/\/i0.wp.com\/www.edder.org\/upload\/2026\/03\/Screenshot-2026-03-30-at-12.14.27.png?resize=700%2C400&ssl=1 2x"},"classes":[]},{"id":316,"url":"https:\/\/www.edder.org\/?p=316","url_meta":{"origin":114,"position":3},"title":"Rodezno","author":"Eder","date":"martes, 8 Feb, 2011","format":false,"excerpt":"","rel":"","context":"En \u00abNA\u00bb","block_context":{"text":"NA","link":"https:\/\/www.edder.org\/?cat=3"},"img":{"alt_text":"","src":"","width":0,"height":0},"classes":[]},{"id":577,"url":"https:\/\/www.edder.org\/?p=577","url_meta":{"origin":114,"position":4},"title":"El se\u00f1or Ferrari","author":"Eder","date":"domingo, 28 Feb, 2010","format":false,"excerpt":"Cuando el otro d\u00eda supe casualmente que uno de mis vecinos ya no era mi vecino \u2013se hab\u00eda vuelto al pa\u00eds del que vino hace no tanto, probablemente para siempre\u2013, me acord\u00e9 del se\u00f1or Ferrari. No me refiero a Enzo Ferrari, patr\u00f3n de la escuder\u00eda de coches de carreras a\u2026","rel":"","context":"En \u00abSin categorizar\u00bb","block_context":{"text":"Sin categorizar","link":"https:\/\/www.edder.org\/?cat=1"},"img":{"alt_text":"","src":"","width":0,"height":0},"classes":[]},{"id":11690,"url":"https:\/\/www.edder.org\/?p=11690","url_meta":{"origin":114,"position":5},"title":"Tiempos de estupidez y crueldad","author":"Eder","date":"viernes, 22 May, 2015","format":false,"excerpt":"\u00abSon tiempos de estupidez y crueldad (again and again), se\u00f1or can\u00f3nigo\u00bb. \u00a0","rel":"","context":"En \u00abCine\u00bb","block_context":{"text":"Cine","link":"https:\/\/www.edder.org\/?cat=79"},"img":{"alt_text":"","src":"https:\/\/i0.wp.com\/www.edder.org\/upload\/2015\/05\/mini.gif?resize=350%2C200&ssl=1","width":350,"height":200},"classes":[]}],"jetpack_likes_enabled":true,"_links":{"self":[{"href":"https:\/\/www.edder.org\/index.php?rest_route=\/wp\/v2\/posts\/114","targetHints":{"allow":["GET"]}}],"collection":[{"href":"https:\/\/www.edder.org\/index.php?rest_route=\/wp\/v2\/posts"}],"about":[{"href":"https:\/\/www.edder.org\/index.php?rest_route=\/wp\/v2\/types\/post"}],"author":[{"embeddable":true,"href":"https:\/\/www.edder.org\/index.php?rest_route=\/wp\/v2\/users\/82"}],"replies":[{"embeddable":true,"href":"https:\/\/www.edder.org\/index.php?rest_route=%2Fwp%2Fv2%2Fcomments&post=114"}],"version-history":[{"count":0,"href":"https:\/\/www.edder.org\/index.php?rest_route=\/wp\/v2\/posts\/114\/revisions"}],"wp:attachment":[{"href":"https:\/\/www.edder.org\/index.php?rest_route=%2Fwp%2Fv2%2Fmedia&parent=114"}],"wp:term":[{"taxonomy":"category","embeddable":true,"href":"https:\/\/www.edder.org\/index.php?rest_route=%2Fwp%2Fv2%2Fcategories&post=114"},{"taxonomy":"post_tag","embeddable":true,"href":"https:\/\/www.edder.org\/index.php?rest_route=%2Fwp%2Fv2%2Ftags&post=114"}],"curies":[{"name":"wp","href":"https:\/\/api.w.org\/{rel}","templated":true}]}}