{"id":113,"date":"2007-10-12T12:34:00","date_gmt":"2007-10-12T10:34:00","guid":{"rendered":"https:\/\/www.edder.org\/?p=113"},"modified":"2020-12-04T23:09:39","modified_gmt":"2020-12-04T22:09:39","slug":"fariseos-filisteos-fideistas-y-funambulos","status":"publish","type":"post","link":"https:\/\/www.edder.org\/?p=113","title":{"rendered":"Fariseos, filisteos, fide\u00edstas y fun\u00e1mbulos"},"content":{"rendered":"<p><div class=\"fusion-fullwidth fullwidth-box fusion-builder-row-1 fusion-flex-container nonhundred-percent-fullwidth non-hundred-percent-height-scrolling\" style=\"--awb-border-radius-top-left:0px;--awb-border-radius-top-right:0px;--awb-border-radius-bottom-right:0px;--awb-border-radius-bottom-left:0px;--awb-flex-wrap:wrap;\" ><div class=\"fusion-builder-row fusion-row fusion-flex-align-items-flex-start fusion-flex-content-wrap\" style=\"max-width:1248px;margin-left: calc(-4% \/ 2 );margin-right: calc(-4% \/ 2 );\"><div class=\"fusion-layout-column fusion_builder_column fusion-builder-column-0 fusion_builder_column_1_3 1_3 fusion-flex-column\" style=\"--awb-bg-size:cover;--awb-width-large:33.333333333333%;--awb-margin-top-large:0px;--awb-spacing-right-large:5.76%;--awb-margin-bottom-large:20px;--awb-spacing-left-large:5.76%;--awb-width-medium:100%;--awb-order-medium:0;--awb-spacing-right-medium:1.92%;--awb-spacing-left-medium:1.92%;--awb-width-small:100%;--awb-order-small:0;--awb-spacing-right-small:1.92%;--awb-spacing-left-small:1.92%;\"><div class=\"fusion-column-wrapper fusion-column-has-shadow fusion-flex-justify-content-flex-start fusion-content-layout-column\"><\/div><\/div><div class=\"fusion-layout-column fusion_builder_column fusion-builder-column-1 fusion_builder_column_2_3 2_3 fusion-flex-column\" style=\"--awb-bg-size:cover;--awb-width-large:66.666666666667%;--awb-margin-top-large:0px;--awb-spacing-right-large:2.88%;--awb-margin-bottom-large:20px;--awb-spacing-left-large:2.88%;--awb-width-medium:100%;--awb-order-medium:0;--awb-spacing-right-medium:1.92%;--awb-spacing-left-medium:1.92%;--awb-width-small:100%;--awb-order-small:0;--awb-spacing-right-small:1.92%;--awb-spacing-left-small:1.92%;\"><div class=\"fusion-column-wrapper fusion-column-has-shadow fusion-flex-justify-content-flex-start fusion-content-layout-column\"><div class=\"fusion-text fusion-text-1\" style=\"--awb-font-size:18px;--awb-line-height:1.7;\"><p>Para entendernos pronto: por fariseo se entiende a aquel que, como Miguel Sanz en el caso del aborto, proclama ce\u00f1irse a la observancia de los preceptos, cuando sus obras manifiestamente contrar\u00edan el esp\u00edritu de los mismos. S\u00f3lo un fariseo pod\u00eda ser capaz de obrar el prodigio de que en Navarra se cumpla rigurosamente la ley del aborto, a la par que el <em>Reyno<\/em> resulta ser el territorio de excepci\u00f3n donde no se verifica ning\u00fan supuesto legal de interrupci\u00f3n del embarazo. M\u00e1s a\u00fan: el farise\u00edsmo de nuestro Sanz \u2013ese dem\u00f3crata convencido, que a diferencia de Ch\u00e1vez no necesita reformar la Constituci\u00f3n para eternizarse en el Gobierno\u2013 protege la objeci\u00f3n de conciencia sin que el ejercicio de la misma comporte prestaci\u00f3n sustitutoria alguna. Cosa distinta al fariseo es el filisteo. El filisteo es la persona roma, pero de sentido acomodaticio, que se conforma con lo que hay porque a ver con qu\u00e9 vamos a estar mejor que con lo que tenemos. El filisteo es el se\u00f1or Jos\u00e9 Andr\u00e9s Burguete diciendo en el Parlamento que la parad\u00f3jica situaci\u00f3n del aborto sostenida por el farise\u00edsmo de sus socios de UPN, \u00abes el marco en el que nos sentimos c\u00f3modos\u00bb , y aqu\u00ed \u2013en el esca\u00f1o\u2013 nos las den todas. Fide\u00edsta es el que, por fe, no ve necesidad de entrar en razones o argumentaciones y se limita a repetir lo que el fariseo, aunque con m\u00e1s \u00e9nfasis y alg\u00fan que otro golpe de pecho. Fide\u00edsta es la se\u00f1ora Kutz, repitiendo con fe ciega lo que sobre el aborto en Navarra haya dicho Miguel Sanz, pero ya un poco alterada por las cargantes razones, en este caso de la mayor\u00eda de parlamentarios. Fun\u00e1mbulo es el acr\u00f3bata que hace habilidosos ejercicios \u2013gimn\u00e1sticos o ret\u00f3ricos\u2013 en la cuerda o el alambre. Como fun\u00e1mbulos quedar\u00e1n los de la mayor\u00eda parlamentaria en lo que se refiere al aborto si no van m\u00e1s all\u00e1 en la iniciativa que les compete y sus mociones del pasado mi\u00e9rcoles no sirven m\u00e1s que para poner de manifiesto lo que de sobra conocemos: el farise\u00edsmo, filiste\u00edsmo y fide\u00edsmo del Gobierno en ese asunto.<\/p>\n<\/div><\/div><\/div><\/div><\/div><div class=\"fusion-fullwidth fullwidth-box fusion-builder-row-2 nonhundred-percent-fullwidth non-hundred-percent-height-scrolling\" style=\"--awb-border-radius-top-left:0px;--awb-border-radius-top-right:0px;--awb-border-radius-bottom-right:0px;--awb-border-radius-bottom-left:0px;--awb-flex-wrap:wrap;\" ><div class=\"fusion-builder-row fusion-row\"><div class=\"fusion-layout-column fusion_builder_column fusion-builder-column-2 fusion_builder_column_1_1 1_1 fusion-one-full fusion-column-first fusion-column-last\" style=\"--awb-bg-size:cover;--awb-margin-bottom:0px;\"><div class=\"fusion-column-wrapper fusion-flex-column-wrapper-legacy\"><div class=\"fusion-text fusion-text-2\"><div align=\"right\">Publicado en <a href=\"http:\/\/www.noticiasdenavarra.com\/ediciones\/2007\/10\/12\/opinion\/contra.php\" target=\"blank\" rel=\"noopener noreferrer\">Diario de Noticias<\/a><\/div>\n<div align=\"right\"><img class=\"lazyload\" decoding=\"async\" title=\"dn\" src=\"data:image\/gif;base64,R0lGODlhAQABAAAAACH5BAEKAAEALAAAAAABAAEAAAICTAEAOw==\" data-orig-src=\"https:\/\/www.edder.org\/images\/dn.gif\" alt=\"dn\" align=\"right\" \/><\/div>\n<p><img class=\"lazyload\" decoding=\"async\" src=\"data:image\/gif;base64,R0lGODlhAQABAAAAACH5BAEKAAEALAAAAAABAAEAAAICTAEAOw==\" data-orig-src=\"https:\/\/www.edder.org\/images\/marcas.gif\" alt=\"marcas\" \/><\/p>\n<\/div><div class=\"fusion-clearfix\"><\/div><\/div><\/div><\/div><\/div><\/p>\n","protected":false},"excerpt":{"rendered":"","protected":false},"author":82,"featured_media":0,"comment_status":"open","ping_status":"open","sticky":false,"template":"","format":"standard","meta":{"jetpack_post_was_ever_published":false,"_jetpack_newsletter_access":"","_jetpack_dont_email_post_to_subs":false,"_jetpack_newsletter_tier_id":0,"_jetpack_memberships_contains_paywalled_content":false,"_jetpack_memberships_contains_paid_content":false,"footnotes":"","jetpack_publicize_message":"","jetpack_publicize_feature_enabled":true,"jetpack_social_post_already_shared":false,"jetpack_social_options":{"image_generator_settings":{"template":"highway","default_image_id":0,"font":"","enabled":false},"version":2}},"categories":[3],"tags":[],"class_list":["post-113","post","type-post","status-publish","format-standard","hentry","category-na"],"jetpack_publicize_connections":[],"jetpack_featured_media_url":"","jetpack_shortlink":"https:\/\/wp.me\/p6kHv-1P","jetpack_sharing_enabled":true,"jetpack-related-posts":[{"id":42997,"url":"https:\/\/www.edder.org\/?p=42997","url_meta":{"origin":113,"position":0},"title":"Futbolmarianismo y regionalcatolicismo de los siglos XX y XXI","author":"Eder","date":"mi\u00e9rcoles, 21 Ago, 2024","format":false,"excerpt":"","rel":"","context":"En \u00abPrehistoria contempor\u00e1nea\u00bb","block_context":{"text":"Prehistoria contempor\u00e1nea","link":"https:\/\/www.edder.org\/?cat=90"},"img":{"alt_text":"","src":"https:\/\/i0.wp.com\/www.edder.org\/upload\/2024\/08\/athletic_begogna.png?resize=350%2C200&ssl=1","width":350,"height":200,"srcset":"https:\/\/i0.wp.com\/www.edder.org\/upload\/2024\/08\/athletic_begogna.png?resize=350%2C200&ssl=1 1x, https:\/\/i0.wp.com\/www.edder.org\/upload\/2024\/08\/athletic_begogna.png?resize=525%2C300&ssl=1 1.5x, https:\/\/i0.wp.com\/www.edder.org\/upload\/2024\/08\/athletic_begogna.png?resize=700%2C400&ssl=1 2x, https:\/\/i0.wp.com\/www.edder.org\/upload\/2024\/08\/athletic_begogna.png?resize=1050%2C600&ssl=1 3x"},"classes":[]},{"id":39232,"url":"https:\/\/www.edder.org\/?p=39232","url_meta":{"origin":113,"position":1},"title":"Mi t\u00edo Toby silbaba el lilliburlero","author":"Eder","date":"martes, 24 Nov, 2020","format":false,"excerpt":"","rel":"","context":"En \u00abCine\u00bb","block_context":{"text":"Cine","link":"https:\/\/www.edder.org\/?cat=79"},"img":{"alt_text":"","src":"https:\/\/i0.wp.com\/www.edder.org\/upload\/2020\/11\/lilliburlero2.jpg?resize=350%2C200&ssl=1","width":350,"height":200},"classes":[]},{"id":40290,"url":"https:\/\/www.edder.org\/?p=40290","url_meta":{"origin":113,"position":2},"title":"La politesse","author":"Eder","date":"martes, 2 Mar, 2021","format":false,"excerpt":"","rel":"","context":"En \u00abCine\u00bb","block_context":{"text":"Cine","link":"https:\/\/www.edder.org\/?cat=79"},"img":{"alt_text":"","src":"https:\/\/i0.wp.com\/www.edder.org\/upload\/2021\/03\/politesse.png?resize=350%2C200&ssl=1","width":350,"height":200,"srcset":"https:\/\/i0.wp.com\/www.edder.org\/upload\/2021\/03\/politesse.png?resize=350%2C200&ssl=1 1x, https:\/\/i0.wp.com\/www.edder.org\/upload\/2021\/03\/politesse.png?resize=525%2C300&ssl=1 1.5x, https:\/\/i0.wp.com\/www.edder.org\/upload\/2021\/03\/politesse.png?resize=700%2C400&ssl=1 2x"},"classes":[]},{"id":40255,"url":"https:\/\/www.edder.org\/?p=40255","url_meta":{"origin":113,"position":3},"title":"Tucumcari (Nuevo M\u00e9xico, EE. UU), 1970. Me &#038; Bobby McGee","author":"Eder","date":"domingo, 28 Feb, 2021","format":false,"excerpt":"","rel":"","context":"En \u00abCine\u00bb","block_context":{"text":"Cine","link":"https:\/\/www.edder.org\/?cat=79"},"img":{"alt_text":"","src":"https:\/\/i0.wp.com\/www.edder.org\/upload\/2021\/02\/Screenshot-2021-03-07-at-21.59.21.png?resize=350%2C200&ssl=1","width":350,"height":200},"classes":[]},{"id":42588,"url":"https:\/\/www.edder.org\/?p=42588","url_meta":{"origin":113,"position":4},"title":"Resignifica y mira qu\u00e9 te queda","author":"Eder","date":"viernes, 12 Abr, 2024","format":false,"excerpt":"","rel":"","context":"En \u00abActualidades\u00bb","block_context":{"text":"Actualidades","link":"https:\/\/www.edder.org\/?cat=802"},"img":{"alt_text":"","src":"https:\/\/i0.wp.com\/www.edder.org\/upload\/2018\/04\/sachsenhausen_head.jpg?resize=350%2C200&ssl=1","width":350,"height":200,"srcset":"https:\/\/i0.wp.com\/www.edder.org\/upload\/2018\/04\/sachsenhausen_head.jpg?resize=350%2C200&ssl=1 1x, https:\/\/i0.wp.com\/www.edder.org\/upload\/2018\/04\/sachsenhausen_head.jpg?resize=525%2C300&ssl=1 1.5x, https:\/\/i0.wp.com\/www.edder.org\/upload\/2018\/04\/sachsenhausen_head.jpg?resize=700%2C400&ssl=1 2x"},"classes":[]},{"id":43103,"url":"https:\/\/www.edder.org\/?p=43103","url_meta":{"origin":113,"position":5},"title":"Kris Kristofferson: todos los caminos equivocados de vuelta a casa","author":"Eder","date":"martes, 1 Oct, 2024","format":false,"excerpt":"","rel":"","context":"En \u00abCine\u00bb","block_context":{"text":"Cine","link":"https:\/\/www.edder.org\/?cat=79"},"img":{"alt_text":"","src":"https:\/\/i0.wp.com\/www.edder.org\/upload\/2016\/12\/Captura-de-pantalla-2017-03-14-a-las-21.03.12.png?resize=350%2C200&ssl=1","width":350,"height":200,"srcset":"https:\/\/i0.wp.com\/www.edder.org\/upload\/2016\/12\/Captura-de-pantalla-2017-03-14-a-las-21.03.12.png?resize=350%2C200&ssl=1 1x, https:\/\/i0.wp.com\/www.edder.org\/upload\/2016\/12\/Captura-de-pantalla-2017-03-14-a-las-21.03.12.png?resize=525%2C300&ssl=1 1.5x"},"classes":[]}],"jetpack_likes_enabled":true,"_links":{"self":[{"href":"https:\/\/www.edder.org\/index.php?rest_route=\/wp\/v2\/posts\/113","targetHints":{"allow":["GET"]}}],"collection":[{"href":"https:\/\/www.edder.org\/index.php?rest_route=\/wp\/v2\/posts"}],"about":[{"href":"https:\/\/www.edder.org\/index.php?rest_route=\/wp\/v2\/types\/post"}],"author":[{"embeddable":true,"href":"https:\/\/www.edder.org\/index.php?rest_route=\/wp\/v2\/users\/82"}],"replies":[{"embeddable":true,"href":"https:\/\/www.edder.org\/index.php?rest_route=%2Fwp%2Fv2%2Fcomments&post=113"}],"version-history":[{"count":0,"href":"https:\/\/www.edder.org\/index.php?rest_route=\/wp\/v2\/posts\/113\/revisions"}],"wp:attachment":[{"href":"https:\/\/www.edder.org\/index.php?rest_route=%2Fwp%2Fv2%2Fmedia&parent=113"}],"wp:term":[{"taxonomy":"category","embeddable":true,"href":"https:\/\/www.edder.org\/index.php?rest_route=%2Fwp%2Fv2%2Fcategories&post=113"},{"taxonomy":"post_tag","embeddable":true,"href":"https:\/\/www.edder.org\/index.php?rest_route=%2Fwp%2Fv2%2Ftags&post=113"}],"curies":[{"name":"wp","href":"https:\/\/api.w.org\/{rel}","templated":true}]}}