{"id":11,"date":"2005-09-25T23:33:57","date_gmt":"2005-09-25T21:33:57","guid":{"rendered":"https:\/\/www.edder.org\/?p=11"},"modified":"2018-07-27T16:38:47","modified_gmt":"2018-07-27T14:38:47","slug":"familia-unida-3","status":"publish","type":"post","link":"https:\/\/www.edder.org\/?p=11","title":{"rendered":"Familia unida"},"content":{"rendered":"<p><img decoding=\"async\" src=\"data:image\/gif;base64,R0lGODlhAQABAAAAACH5BAEKAAEALAAAAAABAAEAAAICTAEAOw==\" data-orig-src=\"https:\/\/www.edder.org\/images\/pais.gif\" alt=\"pa\u00eds\" class=\"lazyload izquierda\" \/><br \/>\nEn el d\u00eda de la ofrenda infantil a San Ferm\u00edn, la letrilla que dice, ???A San Ferm\u00edn pedimos, por ser nuestro patr\u00f3n, nos gu\u00ede en el encierro, d\u00e1ndonos su bendici\u00f3n???, este a\u00f1o se convirti\u00f3 en: ???A San Ferm\u00edn pedimos, por ser nuestro patr\u00f3n, nos guarde a la familia, d\u00e1ndole su bendici\u00f3n???. Cosas de la actualidad del pa\u00eds. El d\u00eda de la ofrenda infantil es el d\u00eda del ni\u00f1o. Del ni\u00f1o al jubilado, pasando por el mozo ???t\u00e9rmino con el que a menudo nos referirnos a un paisano fond\u00f3n, que pese a haber rebasado hace rato los cuarenta, se resiste a dejar las joviales pr\u00e1cticas de su mocedad???, todo el mundo tiene su d\u00eda, su momento estelar: su ???momentico???. <!--more--><br \/>\nIgual que todo el mundo tiene su premio, y no me refiero a las pedreas de osos amorosos que caen en las barracas de la feria o en la t\u00f3mbola de caridad. Me refiero a que, hasta la Hermandad de la Pasi\u00f3n ha entregado un premio en el curso del guirigay festivo: el premio a la fotograf\u00eda que mejor hab\u00eda sabido captar el ambiente penitencial del ya lejano Viernes de Pasi\u00f3n. Para que luego digan que el surrealismo hisp\u00e1nico ???facci\u00f3n Bu\u00f1uel??? no tiene futuro. Al caer est\u00e1 el <em>struendo<\/em> de Iru\u00f1a, otro espont\u00e1neo homenaje a Bu\u00f1uel, que este a\u00f1o se ha visto enriquecido con la instituci\u00f3n, en el d\u00eda de la ofrenda, del <em>struendo<\/em> infantil. Por lo dem\u00e1s, y hablando de surrealismo hisp\u00e1nico, la primera edil del ayuntamiento Pamplona declar\u00f3 ante las c\u00e1maras que la procesi\u00f3n del pasado d\u00eda de San Ferm\u00edn hab\u00eda sido ???la mejor de las siete que ha tenido ocasi\u00f3n de vivir como alcaldesa???. \u00bfPara cuando en la prensa, o al menos en la hoja parroquial, una secci\u00f3n de cr\u00edtica de procesiones?<br \/>\nEn la ofrenda infantil, el santo sale a la calle bajo un toldo con cierto aire andalus\u00ed. El d\u00eda se impregna de rocieros aromas. Junto al santo queda una reja en la que las criaturas van ensortijando manojos de claveles. Los oficiantes de la ceremonia previnieron a las madres ???los padres, \u00a1d\u00f3nde andar\u00edan!??? de que, en este momento de tribulaci\u00f3n, vivimos el peligro del regreso al paganismo. Era pertinente, pues, recordar que San Ferm\u00edn hizo el camino inverso. Nacido en el seno de una familia pagana, no s\u00f3lo abraz\u00f3 la fe, sino que dedic\u00f3 su vida a la extinci\u00f3n del paganismo y al triunfo de  la familia cristiana. La leyenda de San Ferm\u00edn ???ya que estamos en ella??? da cuenta de un hecho menos conocido: el santo, en su \u00e9poca pagana, ???lanzaba con nervio la azkona???. Por ese lado no hay peligro de que se pierda su legado: a la largo y ancho de las torrenciales fiestas patronales que siguen a las de Pamplona, el continente navarro bulle de concursos de lanzamiento de azada, de boina y hasta de m\u00f3viles sin bater\u00eda.<br \/>\nLa familia est\u00e1 en peligro, pues, y la curia sigue hegeliana: por la familia ???a trav\u00e9s de lo que Hegel llam\u00f3 ???raz\u00f3n objetiva??? y el arzobispo navarro ha rebautizado como ???moral objetiva?????? hacia el esp\u00edritu??? santo. Sabedora de que vivimos horas en las que urge reafirmar a Hegel, la alcaldesa de Pamplona acudi\u00f3 a la ofrenda foral no s\u00f3lo con el ni\u00f1o ???como era su tradicional costumbre???, sino con toda la familia. Cosas de la actualidad del pa\u00eds y de la dial\u00e9ctica sanferminera, por las que el d\u00eda del ni\u00f1o fue el d\u00eda de pedir a San Ferm\u00edn por la familia entera.<\/p>\n","protected":false},"excerpt":{"rendered":"<p>En el d\u00eda de la ofrenda infantil a San Ferm\u00edn, la letrilla que dice, ???A San Ferm\u00edn pedimos, por ser nuestro patr\u00f3n, nos gu\u00ede en el encierro, d\u00e1ndonos su bendici\u00f3n???, este a\u00f1o se convirti\u00f3 en: ???A San Ferm\u00edn pedimos, por ser nuestro patr\u00f3n, nos guarde a la familia, d\u00e1ndole su bendici\u00f3n???. Cosas de la actualidad del pa\u00eds. El d\u00eda de la ofrenda infantil es el d\u00eda del ni\u00f1o. Del ni\u00f1o al jubilado, pasando por el mozo ???t\u00e9rmino con el que a menudo nos referirnos a un paisano fond\u00f3n, que pese a haber rebasado hace rato los cuarenta, se resiste a dejar las joviales pr\u00e1cticas de su mocedad???, todo el mundo tiene su d\u00eda, su momento estelar: su ???momentico???.<\/p>\n","protected":false},"author":82,"featured_media":0,"comment_status":"open","ping_status":"open","sticky":false,"template":"","format":"standard","meta":{"jetpack_post_was_ever_published":false,"_jetpack_newsletter_access":"","_jetpack_dont_email_post_to_subs":false,"_jetpack_newsletter_tier_id":0,"_jetpack_memberships_contains_paywalled_content":false,"_jetpack_memberships_contains_paid_content":false,"footnotes":"","jetpack_publicize_message":"","jetpack_publicize_feature_enabled":true,"jetpack_social_post_already_shared":false,"jetpack_social_options":{"image_generator_settings":{"template":"highway","default_image_id":0,"font":"","enabled":false},"version":2}},"categories":[3],"tags":[],"class_list":["post-11","post","type-post","status-publish","format-standard","hentry","category-na"],"jetpack_publicize_connections":[],"jetpack_featured_media_url":"","jetpack_shortlink":"https:\/\/wp.me\/p6kHv-b","jetpack_sharing_enabled":true,"jetpack-related-posts":[{"id":8,"url":"https:\/\/www.edder.org\/?p=8","url_meta":{"origin":11,"position":0},"title":"Locos romanos","author":"Eder","date":"domingo, 25 Sep, 2005","format":false,"excerpt":"El A San Ferm\u00edn pedimos que los corredores del encierro cantan cada ma\u00f1ana ante la efigie del \u00eddolo tiene algo de \u00abAve, C\u00e9sar, los que van a morir te saludan\u00bb. M\u00e1xime cuando la invocaci\u00f3n ritual va acompa\u00f1ada de ese gesto tan romano que consiste en alzar los pu\u00f1os hacia el\u2026","rel":"","context":"En \u00abNA\u00bb","block_context":{"text":"NA","link":"https:\/\/www.edder.org\/?cat=3"},"img":{"alt_text":"","src":"","width":0,"height":0},"classes":[]},{"id":476,"url":"https:\/\/www.edder.org\/?p=476","url_meta":{"origin":11,"position":1},"title":"Devoci\u00f3n","author":"Eder","date":"viernes, 11 Sep, 2009","format":false,"excerpt":"Que el consejero Corpas ande repicando para que la prensa acuda al galope a hacerle fotos junto a un tal Olivier van der Zee \u2013cineasta que quiz\u00e1 se convierta con el tiempo en el nuevo Johan van der Keuken del documentalismo holand\u00e9s, aunque de su talento hay por ahora escasas\u2026","rel":"","context":"En \u00abNA\u00bb","block_context":{"text":"NA","link":"https:\/\/www.edder.org\/?cat=3"},"img":{"alt_text":"","src":"https:\/\/i0.wp.com\/www.edder.org\/upload\/2009\/09\/Sin-ti%CC%81tulo-1.gif?resize=350%2C200&ssl=1","width":350,"height":200},"classes":[]},{"id":4,"url":"https:\/\/www.edder.org\/?p=4","url_meta":{"origin":11,"position":2},"title":"Misa mayor","author":"Eder","date":"domingo, 25 Sep, 2005","format":false,"excerpt":"Opino que cuando don Fernando Sebasti\u00e1n, de vuelta ya de Aranjuez, aludi\u00f3 en su en\u00e9rgica homil\u00eda de ayer a una legislaci\u00f3n que va \u00abcontra la moralidad objetiva, hist\u00f3ricamente vigente\u00bb, no se estaba refiriendo a la Ley de Principios del Movimiento Nacional. Recuerden que aquella ley de 1958 proclamaba con energ\u00eda:\u2026","rel":"","context":"En \u00abNA\u00bb","block_context":{"text":"NA","link":"https:\/\/www.edder.org\/?cat=3"},"img":{"alt_text":"","src":"","width":0,"height":0},"classes":[]},{"id":12,"url":"https:\/\/www.edder.org\/?p=12","url_meta":{"origin":11,"position":3},"title":"Im\u00e1genes de la felicidad","author":"Eder","date":"domingo, 25 Sep, 2005","format":false,"excerpt":"Dos orientales de ambos sexos, con la apariencia de formar un matrimonio natural, y lo que es mejor, feliz, corrieron el \u00faltimo tramo del antepen\u00faltimo encierro literalmente pegados al grueso de la manada. Corrieron sin parar de sonreir, embelesados por la emoci\u00f3n del irrepetible momento de triunfo. En el callej\u00f3n\u2026","rel":"","context":"En \u00abNA\u00bb","block_context":{"text":"NA","link":"https:\/\/www.edder.org\/?cat=3"},"img":{"alt_text":"","src":"","width":0,"height":0},"classes":[]},{"id":2,"url":"https:\/\/www.edder.org\/?p=2","url_meta":{"origin":11,"position":4},"title":"Pamplonesas todas","author":"Eder","date":"domingo, 25 Sep, 2005","format":false,"excerpt":"En estos momentos de universal alegr\u00eda y et\u00edlico desvar\u00edo \u2013aqu\u00ed como en Londres\u2013, perm\u00edtanme presentarme: Javier Eder, cada ma\u00f1ana en directo para ustedes \u2013si el tiempo y el percance et\u00edlico no lo impiden\u2013, desde Pamplona-Iru\u00f1a, capital del continente navarro y epicentro del universo. Que Pamplona es el epicentro del terremoto\u2026","rel":"","context":"En \u00abNA\u00bb","block_context":{"text":"NA","link":"https:\/\/www.edder.org\/?cat=3"},"img":{"alt_text":"","src":"","width":0,"height":0},"classes":[]},{"id":725,"url":"https:\/\/www.edder.org\/?p=725","url_meta":{"origin":11,"position":5},"title":"Habemus obispo","author":"Eder","date":"viernes, 14 May, 2010","format":false,"excerpt":"Como no pod\u00eda ser de otra manera, habemus obispo. Ya tenemos cartel sanferminero and the winner is uno de los tres carteles episcopales \u2013quiero decir, con un obispo como motivo central\u2013 que hab\u00eda entre los seis primeros. El cartel ganador es el que presenta al legendario obispo de Pamplona llamado\u2026","rel":"","context":"En \u00abNA\u00bb","block_context":{"text":"NA","link":"https:\/\/www.edder.org\/?cat=3"},"img":{"alt_text":"","src":"","width":0,"height":0},"classes":[]}],"jetpack_likes_enabled":true,"_links":{"self":[{"href":"https:\/\/www.edder.org\/index.php?rest_route=\/wp\/v2\/posts\/11","targetHints":{"allow":["GET"]}}],"collection":[{"href":"https:\/\/www.edder.org\/index.php?rest_route=\/wp\/v2\/posts"}],"about":[{"href":"https:\/\/www.edder.org\/index.php?rest_route=\/wp\/v2\/types\/post"}],"author":[{"embeddable":true,"href":"https:\/\/www.edder.org\/index.php?rest_route=\/wp\/v2\/users\/82"}],"replies":[{"embeddable":true,"href":"https:\/\/www.edder.org\/index.php?rest_route=%2Fwp%2Fv2%2Fcomments&post=11"}],"version-history":[{"count":0,"href":"https:\/\/www.edder.org\/index.php?rest_route=\/wp\/v2\/posts\/11\/revisions"}],"wp:attachment":[{"href":"https:\/\/www.edder.org\/index.php?rest_route=%2Fwp%2Fv2%2Fmedia&parent=11"}],"wp:term":[{"taxonomy":"category","embeddable":true,"href":"https:\/\/www.edder.org\/index.php?rest_route=%2Fwp%2Fv2%2Fcategories&post=11"},{"taxonomy":"post_tag","embeddable":true,"href":"https:\/\/www.edder.org\/index.php?rest_route=%2Fwp%2Fv2%2Ftags&post=11"}],"curies":[{"name":"wp","href":"https:\/\/api.w.org\/{rel}","templated":true}]}}