{"id":106,"date":"2007-06-29T07:00:20","date_gmt":"2007-06-29T05:00:20","guid":{"rendered":"https:\/\/www.edder.org\/?p=106"},"modified":"2018-07-27T16:38:29","modified_gmt":"2018-07-27T14:38:29","slug":"columna-de-hoy-2","status":"publish","type":"post","link":"https:\/\/www.edder.org\/?p=106","title":{"rendered":"Discreto encanto, secreto espanto"},"content":{"rendered":"<p>Nos vamos. La infame turba de los columnistas, digo. Pero no hay que preocuparse. No les faltar\u00e1 lectura, ni menos entretenimiento. Dada la ola de suspense que nos invade, es de suponer que seguir\u00e1n de imaginaria los quintacolumnistas de guardia. Me refiere a esos maestros del idioma para los que, por ejemplo, el encuentro entre PSN y NaBai, a m\u00e1s de 100 kms de la capital del <em>Reyno<\/em>, constituy\u00f3 un arrabalero y secreto espanto, mientras que el encuentro reservado habido unos pocos d\u00edas antes, a m\u00e1s de 400 kms de aqu\u00ed, entre los se\u00f1ores Sanz y del Burgo y el Secretario de Organizaci\u00f3n del PSOE, discurri\u00f3 como una discreta, cordial y natural toma de contacto. Sobre todo natural, porque ya dijo el fil\u00f3sofo que la naturaleza no da saltos, esto es, que no est\u00e1 por los cambios. Puesto que a la naturaleza, o a eso que los quintacolumnistas consideran el curso natural de las cosas, no le gustan los cambios, al conglomerado indisoluble que las derechas forman hoy en Espa\u00f1a, y en el que cabe desde la boina calada de un tradicionalista al sombrero de ala ancha de un liberal de siempre \u2013pasando por la mitra de los obispos y dem\u00e1s sombreros del clero secular\u2013; al conglomerado de las derechas se le conoce como la \u201cmayor\u00eda natural\u201d, gane o no las elecciones, mientras que cualquier intento de acuerdo o pacto program\u00e1tico frente a la llamada mayor\u00eda natural es de inmediato fulminado por el quintacolumnismo \u2013natural como el agua que lleva\u2013 como un engendro \u201ccontra natura\u201d, producto de una imposible sopa de letras o macedonia de siglas, fraguado de modo vergonzante e inconfesable, y llamado a estrellarse antes o despu\u00e9s contra la obstinada marcha de los acontecimientos, tan naturales ellos. Permanezcan atentos a los acontecimientos, que \u00faltimamente discurren con mucho suspense, para sobresalto de la naturaleza. Y no se pierdan la ingente cantidad de buena literatura que origina la sola sospecha de que el curso natural de las cosas pueda torcerse. Nos vamos. Visto est\u00e1 que no se quedan solos.<\/p>\n<div align=\"right\">Publicado en <a target=\"blank\" href=\"http:\/\/www.noticiasdenavarra.com\/ediciones\/2007\/06\/29\/opinion\/contra.php\">Diario de Noticias<\/a><img class=\"lazyload\" decoding=\"async\" align=\"right\" title=\"dn\" alt=\"dn\" src=\"data:image\/gif;base64,R0lGODlhAQABAAAAACH5BAEKAAEALAAAAAABAAEAAAICTAEAOw==\" data-orig-src=\"https:\/\/www.edder.org\/images\/dn.gif\" \/><\/div>\n","protected":false},"excerpt":{"rendered":"<p>Nos vamos. La infame turba de los columnistas, digo. Pero no hay que preocuparse. No les faltar\u00e1 lectura, ni menos entretenimiento. Dada la ola de suspense que nos invade, es de suponer que seguir\u00e1n de imaginaria los quintacolumnistas de guardia. Me refiere a esos maestros del idioma para los que, por ejemplo, el encuentro entre PSN y NaBai, a m\u00e1s de 100 kms de la capital del Reyno, constituy\u00f3 un arrabalero y secreto espanto, mientras que el encuentro reservado habido unos pocos d\u00edas antes, a m\u00e1s de 400 kms de aqu\u00ed, entre los se\u00f1ores Sanz y del Burgo y el Secretario de Organizaci\u00f3n del PSOE, discurri\u00f3 como una discreta, cordial y natural toma de contacto. Sobre todo natural, porque ya dijo el fil\u00f3sofo que la naturaleza no  [&#8230;]<\/p>\n","protected":false},"author":82,"featured_media":0,"comment_status":"open","ping_status":"open","sticky":false,"template":"","format":"standard","meta":{"jetpack_post_was_ever_published":false,"_jetpack_newsletter_access":"","_jetpack_dont_email_post_to_subs":false,"_jetpack_newsletter_tier_id":0,"_jetpack_memberships_contains_paywalled_content":false,"_jetpack_memberships_contains_paid_content":false,"footnotes":"","jetpack_publicize_message":"","jetpack_publicize_feature_enabled":true,"jetpack_social_post_already_shared":false,"jetpack_social_options":{"image_generator_settings":{"template":"highway","default_image_id":0,"font":"","enabled":false},"version":2}},"categories":[3],"tags":[],"class_list":["post-106","post","type-post","status-publish","format-standard","hentry","category-na"],"jetpack_publicize_connections":[],"jetpack_featured_media_url":"","jetpack_shortlink":"https:\/\/wp.me\/p6kHv-1I","jetpack_sharing_enabled":true,"jetpack-related-posts":[{"id":567,"url":"https:\/\/www.edder.org\/?p=567","url_meta":{"origin":106,"position":0},"title":"Una larga prehistoria","author":"Eder","date":"jueves, 28 Ene, 2010","format":false,"excerpt":"\u00a0 Se cree \u2013no est\u00e1 demostrado ni siquiera investigado\u2013 que cuando las tropas estadounidenses entraron en Afganist\u00e1n, justo en los inicios del siglo XXI, hubo una matanza de unos dos mil talibanes, luego enterrados en la fosa com\u00fan de Dash-e-Leili. Seg\u00fan se dice, los muertos fueron encerrados por los verdugos\u2026","rel":"","context":"En \u00abArtes\u00bb","block_context":{"text":"Artes","link":"https:\/\/www.edder.org\/?cat=85"},"img":{"alt_text":"","src":"https:\/\/i0.wp.com\/www.edder.org\/upload\/2010\/01\/2.jpg?resize=350%2C200&ssl=1","width":350,"height":200},"classes":[]},{"id":47939,"url":"https:\/\/www.edder.org\/?p=47939","url_meta":{"origin":106,"position":1},"title":"Diga \u201cc\u00e1ncer\u201d. No pasa nada \/ Say the word, nothing happens","author":"Eder","date":"lunes, 23 Feb, 2026","format":false,"excerpt":"","rel":"","context":"En \u00abActualidades\u00bb","block_context":{"text":"Actualidades","link":"https:\/\/www.edder.org\/?cat=802"},"img":{"alt_text":"","src":"https:\/\/i0.wp.com\/www.edder.org\/upload\/2026\/02\/Screenshot-2026-02-23-at-19.33.52.png?resize=350%2C200&ssl=1","width":350,"height":200,"srcset":"https:\/\/i0.wp.com\/www.edder.org\/upload\/2026\/02\/Screenshot-2026-02-23-at-19.33.52.png?resize=350%2C200&ssl=1 1x, https:\/\/i0.wp.com\/www.edder.org\/upload\/2026\/02\/Screenshot-2026-02-23-at-19.33.52.png?resize=525%2C300&ssl=1 1.5x, https:\/\/i0.wp.com\/www.edder.org\/upload\/2026\/02\/Screenshot-2026-02-23-at-19.33.52.png?resize=700%2C400&ssl=1 2x, https:\/\/i0.wp.com\/www.edder.org\/upload\/2026\/02\/Screenshot-2026-02-23-at-19.33.52.png?resize=1050%2C600&ssl=1 3x"},"classes":[]},{"id":13669,"url":"https:\/\/www.edder.org\/?p=13669","url_meta":{"origin":106,"position":2},"title":"La Naturaleza y Rafael","author":"Eder","date":"domingo, 25 Jun, 2017","format":false,"excerpt":"La Naturaleza, que mientras vivi\u00f3 Rafael temi\u00f3 ser vencida por \u00e9l, y que cuando el de Urbino muri\u00f3, temi\u00f3 morir ella tambi\u00e9n \u2013si hay que creer al cronista Pietro Bembo. \u00a0","rel":"","context":"En \u00abArtes\u00bb","block_context":{"text":"Artes","link":"https:\/\/www.edder.org\/?cat=85"},"img":{"alt_text":"","src":"https:\/\/i0.wp.com\/www.edder.org\/upload\/2017\/06\/raffaelo.gif?resize=350%2C200&ssl=1","width":350,"height":200},"classes":[]},{"id":206,"url":"https:\/\/www.edder.org\/?p=206","url_meta":{"origin":106,"position":3},"title":"Arqueolog\u00eda","author":"Eder","date":"viernes, 28 Nov, 2008","format":false,"excerpt":"Cuando quiera es tarde para hacer una magna exposici\u00f3n arqueol\u00f3gica sobre la antiqu\u00edsima se\u00f1ora llamada a conducir los destinos de las derechas navarras, si nadie lo remedia. \u00bfQue qui\u00e9n podr\u00eda remediarlo? Seguramente nadie. Quiz\u00e1 Sanz pueda hacer un intento de poner coto a la desbordada vocaci\u00f3n de esa arqueol\u00f3gica se\u00f1ora\u2026","rel":"","context":"En \u00abNA\u00bb","block_context":{"text":"NA","link":"https:\/\/www.edder.org\/?cat=3"},"img":{"alt_text":"","src":"","width":0,"height":0},"classes":[]},{"id":155,"url":"https:\/\/www.edder.org\/?p=155","url_meta":{"origin":106,"position":4},"title":"Divinos","author":"Eder","date":"viernes, 20 Jun, 2008","format":false,"excerpt":"En 1966, de paso por Londres, el poeta Robert Allen Zimmerman, m\u00e1s conocido como Bob Dylan \u2013comparado por algunos con Picasso y llamado, con raz\u00f3n, Dios\u2013, tuvo una mala idea: ir al encuentro del entonces prosista John Winston Lennon. Zimmerman pens\u00f3 \u2013otra mala idea\u2013 que su encuentro en la cumbre\u2026","rel":"","context":"En \u00abNA\u00bb","block_context":{"text":"NA","link":"https:\/\/www.edder.org\/?cat=3"},"img":{"alt_text":"","src":"","width":0,"height":0},"classes":[]},{"id":1327,"url":"https:\/\/www.edder.org\/?p=1327","url_meta":{"origin":106,"position":5},"title":"Peter Hutton","author":"Eder","date":"domingo, 16 Ene, 2011","format":false,"excerpt":"La naturaleza, la soledad, el mar\u2026 El cine como diario personal, como cuaderno inacabado de notas\u2026 Modos (m\u00e1s) pacientes de ver\u2026 \u00a0","rel":"","context":"En \u00abCine\u00bb","block_context":{"text":"Cine","link":"https:\/\/www.edder.org\/?cat=79"},"img":{"alt_text":"","src":"","width":0,"height":0},"classes":[]}],"jetpack_likes_enabled":true,"_links":{"self":[{"href":"https:\/\/www.edder.org\/index.php?rest_route=\/wp\/v2\/posts\/106","targetHints":{"allow":["GET"]}}],"collection":[{"href":"https:\/\/www.edder.org\/index.php?rest_route=\/wp\/v2\/posts"}],"about":[{"href":"https:\/\/www.edder.org\/index.php?rest_route=\/wp\/v2\/types\/post"}],"author":[{"embeddable":true,"href":"https:\/\/www.edder.org\/index.php?rest_route=\/wp\/v2\/users\/82"}],"replies":[{"embeddable":true,"href":"https:\/\/www.edder.org\/index.php?rest_route=%2Fwp%2Fv2%2Fcomments&post=106"}],"version-history":[{"count":0,"href":"https:\/\/www.edder.org\/index.php?rest_route=\/wp\/v2\/posts\/106\/revisions"}],"wp:attachment":[{"href":"https:\/\/www.edder.org\/index.php?rest_route=%2Fwp%2Fv2%2Fmedia&parent=106"}],"wp:term":[{"taxonomy":"category","embeddable":true,"href":"https:\/\/www.edder.org\/index.php?rest_route=%2Fwp%2Fv2%2Fcategories&post=106"},{"taxonomy":"post_tag","embeddable":true,"href":"https:\/\/www.edder.org\/index.php?rest_route=%2Fwp%2Fv2%2Ftags&post=106"}],"curies":[{"name":"wp","href":"https:\/\/api.w.org\/{rel}","templated":true}]}}