{"id":1057,"date":"2010-09-12T18:33:53","date_gmt":"2010-09-12T17:33:53","guid":{"rendered":"https:\/\/www.edder.org\/?p=1057"},"modified":"2018-07-27T16:37:40","modified_gmt":"2018-07-27T14:37:40","slug":"belleza-y-verdad-verdad-y-belleza","status":"publish","type":"post","link":"https:\/\/www.edder.org\/?p=1057","title":{"rendered":"Belleza y verdad"},"content":{"rendered":"<p>Es bello, pero &iquest;es verdad?<\/p>\n<p style=\"text-align: center;\"><div class=\"fusion-fullwidth fullwidth-box fusion-builder-row-1 hundred-percent-fullwidth non-hundred-percent-height-scrolling\" style=\"--awb-border-radius-top-left:0px;--awb-border-radius-top-right:0px;--awb-border-radius-bottom-right:0px;--awb-border-radius-bottom-left:0px;--awb-overflow:visible;--awb-flex-wrap:wrap;\" ><div class=\"fusion-builder-row fusion-row\"><div class=\"fusion-layout-column fusion_builder_column fusion-builder-column-0 fusion_builder_column_1_1 1_1 fusion-one-full fusion-column-first fusion-column-last fusion-column-no-min-height\" style=\"--awb-bg-size:cover;--awb-margin-bottom:0px;\"><div class=\"fusion-column-wrapper fusion-flex-column-wrapper-legacy\"><div class=\"video-shortcode\"><iframe title=\"Belleza y verdad\" width=\"1200\" height=\"900\" src=\"https:\/\/www.youtube.com\/embed\/oSTDfX1vyAk?feature=oembed\" frameborder=\"0\" allow=\"accelerometer; autoplay; clipboard-write; encrypted-media; gyroscope; picture-in-picture; web-share\" allowfullscreen><\/iframe><\/div>\n<p style=\"text-align: center;\">&nbsp;<\/p>\n<p style=\"text-align: center;\">&nbsp;<\/p>\n<p>Versi&oacute;n de Julio Cort&aacute;zar:<\/p>\n<p><font color=\"#000000\" size=\"2\">Cuando a nuestra generaci&oacute;n destruya el tiempo<br \/>\n\tt&uacute; permanecer&aacute;s, entre penas distintas<br \/>\n\tde las nuestras, amiga de los hombres, diciendo:<br \/>\n\t&laquo;La belleza es verdad y la verdad belleza&raquo;&#8230; Nada m&aacute;s<br \/>\n\tse sabe en esta tierra y no m&aacute;s hace falta.<\/font><\/p>\n<p>&nbsp;<\/p>\n<p><font color=\"#000000\" size=\"2\">Versi&oacute;n original:<\/font><\/p>\n<table align=\"CENTER\" bgcolor=\"#ffffff\" border=\"0\" cellpadding=\"0\" cellspacing=\"0\">\n<tbody>\n<tr>\n<td>When old age shall this generation waste,<\/td>\n<td align=\"right\" valign=\"top\">&nbsp;<\/td>\n<\/tr>\n<tr>\n<td>Thou shalt remain, in midst of other woe<\/td>\n<td align=\"right\" valign=\"top\">&nbsp;<\/td>\n<\/tr>\n<tr>\n<td>Than ours, a friend to man, to whom thou say&#39;st,<\/td>\n<td align=\"right\" valign=\"top\">&nbsp;<\/td>\n<\/tr>\n<tr>\n<td>&#39;Beauty is truth, truth beauty,&mdash;that is all<\/td>\n<td align=\"right\" valign=\"top\">&nbsp;<\/td>\n<\/tr>\n<tr>\n<td>Ye know on earth, and all ye need to know.&#39;<\/td>\n<\/tr>\n<\/tbody>\n<\/table>\n<div class=\"fusion-clearfix\"><\/div><\/div><\/div><\/div><\/div><\/p>\n","protected":false},"excerpt":{"rendered":"<p>Es bello, pero &iquest;es verdad?<\/p>\n","protected":false},"author":82,"featured_media":0,"comment_status":"open","ping_status":"open","sticky":false,"template":"","format":"standard","meta":{"jetpack_post_was_ever_published":false,"_jetpack_newsletter_access":"","_jetpack_dont_email_post_to_subs":false,"_jetpack_newsletter_tier_id":0,"_jetpack_memberships_contains_paywalled_content":false,"_jetpack_memberships_contains_paid_content":false,"footnotes":"","jetpack_publicize_message":"","jetpack_publicize_feature_enabled":true,"jetpack_social_post_already_shared":false,"jetpack_social_options":{"image_generator_settings":{"template":"highway","default_image_id":0,"font":"","enabled":false},"version":2}},"categories":[85,7],"tags":[113],"class_list":["post-1057","post","type-post","status-publish","format-standard","hentry","category-artes","category-video","tag-keats"],"jetpack_publicize_connections":[],"jetpack_featured_media_url":"","jetpack_shortlink":"https:\/\/wp.me\/p6kHv-h3","jetpack_sharing_enabled":true,"jetpack-related-posts":[{"id":3654,"url":"https:\/\/www.edder.org\/?p=3654","url_meta":{"origin":1057,"position":0},"title":"En el dolor de los dem\u00e1s","author":"Eder","date":"s\u00e1bado, 12 Abr, 2014","format":false,"excerpt":"Cuando el antiguo tiempo devaste a esta generaci\u00f3n, t\u00fa habr\u00e1s de permanecer ante dolores diferentes a los nuestros, amiga de los mortales a los que dir\u00e1s: \u00abLa belleza es verdad, la verdad belleza\u2026 Es todo lo que sabemos sobre la tierra y cuanto necesitamos saber\u00bb. \u00a0","rel":"","context":"En \u00abArtes\u00bb","block_context":{"text":"Artes","link":"https:\/\/www.edder.org\/?cat=85"},"img":{"alt_text":"","src":"","width":0,"height":0},"classes":[]},{"id":400,"url":"https:\/\/www.edder.org\/?p=400","url_meta":{"origin":1057,"position":1},"title":"La cr\u00edtica de arte","author":"Eder","date":"viernes, 29 May, 2009","format":false,"excerpt":"","rel":"","context":"En \u00abNA\u00bb","block_context":{"text":"NA","link":"https:\/\/www.edder.org\/?cat=3"},"img":{"alt_text":"dn","src":"https:\/\/i0.wp.com\/www.edder.org\/images\/beuys.jpg?resize=350%2C200","width":350,"height":200,"srcset":"https:\/\/i0.wp.com\/www.edder.org\/images\/beuys.jpg?resize=350%2C200 1x, https:\/\/i0.wp.com\/www.edder.org\/images\/beuys.jpg?resize=525%2C300 1.5x, https:\/\/i0.wp.com\/www.edder.org\/images\/beuys.jpg?resize=700%2C400 2x"},"classes":[]},{"id":13431,"url":"https:\/\/www.edder.org\/?p=13431","url_meta":{"origin":1057,"position":2},"title":"Andante contradicci\u00f3n, en parte verdad, en parte ficci\u00f3n\u2026","author":"Eder","date":"viernes, 23 Dic, 2016","format":false,"excerpt":"","rel":"","context":"En \u00abCine\u00bb","block_context":{"text":"Cine","link":"https:\/\/www.edder.org\/?cat=79"},"img":{"alt_text":"","src":"https:\/\/i0.wp.com\/www.edder.org\/upload\/2016\/12\/Captura-de-pantalla-2017-03-14-a-las-21.03.12.png?resize=350%2C200&ssl=1","width":350,"height":200,"srcset":"https:\/\/i0.wp.com\/www.edder.org\/upload\/2016\/12\/Captura-de-pantalla-2017-03-14-a-las-21.03.12.png?resize=350%2C200&ssl=1 1x, https:\/\/i0.wp.com\/www.edder.org\/upload\/2016\/12\/Captura-de-pantalla-2017-03-14-a-las-21.03.12.png?resize=525%2C300&ssl=1 1.5x"},"classes":[]},{"id":38722,"url":"https:\/\/www.edder.org\/?p=38722","url_meta":{"origin":1057,"position":3},"title":"Imprime la verdad","author":"Eder","date":"s\u00e1bado, 16 May, 2020","format":false,"excerpt":"De una pel\u00edcula que viene a decir: aunque la leyenda circule como indudable hecho verdadero, desconf\u00eda de la leyenda. Y no dejes de imprimir la verdad, incluso aunque nadie vaya a creerla. \u00a0","rel":"","context":"En \u00abCine\u00bb","block_context":{"text":"Cine","link":"https:\/\/www.edder.org\/?cat=79"},"img":{"alt_text":"","src":"https:\/\/i0.wp.com\/www.edder.org\/upload\/2020\/05\/51co5M-Q2L.jpg?resize=350%2C200&ssl=1","width":350,"height":200},"classes":[]},{"id":43103,"url":"https:\/\/www.edder.org\/?p=43103","url_meta":{"origin":1057,"position":4},"title":"Kris Kristofferson: todos los caminos equivocados de vuelta a casa","author":"Eder","date":"martes, 1 Oct, 2024","format":false,"excerpt":"","rel":"","context":"En \u00abCine\u00bb","block_context":{"text":"Cine","link":"https:\/\/www.edder.org\/?cat=79"},"img":{"alt_text":"","src":"https:\/\/i0.wp.com\/www.edder.org\/upload\/2016\/12\/Captura-de-pantalla-2017-03-14-a-las-21.03.12.png?resize=350%2C200&ssl=1","width":350,"height":200,"srcset":"https:\/\/i0.wp.com\/www.edder.org\/upload\/2016\/12\/Captura-de-pantalla-2017-03-14-a-las-21.03.12.png?resize=350%2C200&ssl=1 1x, https:\/\/i0.wp.com\/www.edder.org\/upload\/2016\/12\/Captura-de-pantalla-2017-03-14-a-las-21.03.12.png?resize=525%2C300&ssl=1 1.5x"},"classes":[]},{"id":48248,"url":"https:\/\/www.edder.org\/?p=48248","url_meta":{"origin":1057,"position":5},"title":"Trump lier and, probably, loser (la verdad entre las mentiras)","author":"Eder","date":"mi\u00e9rcoles, 25 Mar, 2026","format":false,"excerpt":"","rel":"","context":"En \u00abActualidades\u00bb","block_context":{"text":"Actualidades","link":"https:\/\/www.edder.org\/?cat=802"},"img":{"alt_text":"","src":"https:\/\/i0.wp.com\/www.edder.org\/upload\/2026\/03\/Conferencia-de-Teheran.jpg?resize=350%2C200&ssl=1","width":350,"height":200,"srcset":"https:\/\/i0.wp.com\/www.edder.org\/upload\/2026\/03\/Conferencia-de-Teheran.jpg?resize=350%2C200&ssl=1 1x, https:\/\/i0.wp.com\/www.edder.org\/upload\/2026\/03\/Conferencia-de-Teheran.jpg?resize=525%2C300&ssl=1 1.5x, https:\/\/i0.wp.com\/www.edder.org\/upload\/2026\/03\/Conferencia-de-Teheran.jpg?resize=700%2C400&ssl=1 2x"},"classes":[]}],"jetpack_likes_enabled":true,"_links":{"self":[{"href":"https:\/\/www.edder.org\/index.php?rest_route=\/wp\/v2\/posts\/1057","targetHints":{"allow":["GET"]}}],"collection":[{"href":"https:\/\/www.edder.org\/index.php?rest_route=\/wp\/v2\/posts"}],"about":[{"href":"https:\/\/www.edder.org\/index.php?rest_route=\/wp\/v2\/types\/post"}],"author":[{"embeddable":true,"href":"https:\/\/www.edder.org\/index.php?rest_route=\/wp\/v2\/users\/82"}],"replies":[{"embeddable":true,"href":"https:\/\/www.edder.org\/index.php?rest_route=%2Fwp%2Fv2%2Fcomments&post=1057"}],"version-history":[{"count":0,"href":"https:\/\/www.edder.org\/index.php?rest_route=\/wp\/v2\/posts\/1057\/revisions"}],"wp:attachment":[{"href":"https:\/\/www.edder.org\/index.php?rest_route=%2Fwp%2Fv2%2Fmedia&parent=1057"}],"wp:term":[{"taxonomy":"category","embeddable":true,"href":"https:\/\/www.edder.org\/index.php?rest_route=%2Fwp%2Fv2%2Fcategories&post=1057"},{"taxonomy":"post_tag","embeddable":true,"href":"https:\/\/www.edder.org\/index.php?rest_route=%2Fwp%2Fv2%2Ftags&post=1057"}],"curies":[{"name":"wp","href":"https:\/\/api.w.org\/{rel}","templated":true}]}}