{"id":105,"date":"2007-06-21T08:15:03","date_gmt":"2007-06-21T06:15:03","guid":{"rendered":"https:\/\/www.edder.org\/?p=105"},"modified":"2018-07-27T16:38:30","modified_gmt":"2018-07-27T14:38:30","slug":"columna","status":"publish","type":"post","link":"https:\/\/www.edder.org\/?p=105","title":{"rendered":"Teme a los griegos que regalan caballos"},"content":{"rendered":"<p><img class=\"lazyload\" decoding=\"async\" src=\"data:image\/gif;base64,R0lGODlhAQABAAAAACH5BAEKAAEALAAAAAABAAEAAAICTAEAOw==\" data-orig-src=\"http:\/\/edder.org\/images\/marcas.gif\" alt=\"marcas\" \/><\/p>\n<p>Nada m\u00e1s incomprensible que la aparente satisfacci\u00f3n del se\u00f1or Puras tras haber recibido un caballo regalado \u2013la presidencia del Parlamento\u2013 que llevaba en su interior un Marcotegui. No es s\u00f3lo que nuestros griegos de ocasi\u00f3n regalen lo que consideran de tan poco valor como para hab\u00e9rselo dado en la anterior legislatura a quien pensaban poner en \u00e9sta de patitas en la calle. En efecto, la presidencia del Parlamento navarro debe de ser para UPN algo de un valor tan meramente ornamental que en la anterior legislatura se la dieron, como quien da una elegante patada para arriba, a don Rafael Gurrea, hoy, pol\u00edticamente hablando, soltero y solo en la vida, a su pesar. Cierto que los socialistas tampoco deb\u00edan de otorgar en su momento a tan alta representaci\u00f3n mucho m\u00e1s valor, pues se dio el caso de que pusieran en el cargo a do\u00f1a Mar\u00eda Dolores Eguren, se\u00f1ora que como es bien conocido, tras sufrir tama\u00f1a afrenta pol\u00edtica, se desquitar\u00eda pas\u00e1ndose con armas y bagajes a UPN, donde ostenta no s\u00e9 qu\u00e9 alt\u00edsima dignidad, igualmente decorativa. No es s\u00f3lo que con sus enredos Miguel Sanz regale un caballo de madera que no es como para estar muy ufano, dado el escaso valor que se le otorga; es que el caballo tra\u00eda en el vientre un nasciturus, un Marcotegui, ya nacido a la vida parlamentaria de la legislatura como vicepresidente de la C\u00e1mara. Si por algo se ha caracterizado el se\u00f1or Marcotegui, am\u00e9n de por su defensa a ultranza del nasciturus \u2013defensa leg\u00edtima, siempre que no se impidan los derechos legalmente reconocidos de los dem\u00e1s, como impiden en Navarra Marcotegui y UPN\u2013, es por sus afanes regresivos en cuantas materias han sido de su competencia, con especial acento en educaci\u00f3n y sanidad. Un regalo envenenado, el caballo, m\u00e1s que nada por lo que representa quien ven\u00eda dentro \u00e9l. Ni por un sentido exagerado de la cortes\u00eda deb\u00eda haberlo aceptado el se\u00f1or Puras, menos si su horizonte sigue siendo el contrario del que tan vehementemente defiende el hombre que naci\u00f3 del vientre de un caballo.<\/p>\n<div align=\"right\">Publicado en <a target=\"blank\" href=\"http:\/\/www.noticiasdenavarra.com\/ediciones\/2007\/06\/22\/opinion\/contra.php\">Diario de Noticias<\/a><img class=\"lazyload\" decoding=\"async\" align=\"right\" title=\"dn\" alt=\"dn\" src=\"data:image\/gif;base64,R0lGODlhAQABAAAAACH5BAEKAAEALAAAAAABAAEAAAICTAEAOw==\" data-orig-src=\"https:\/\/www.edder.org\/images\/dn.gif\" \/><\/div>\n","protected":false},"excerpt":{"rendered":"<p>Nada m\u00e1s incomprensible que la aparente satisfacci\u00f3n del se\u00f1or Puras tras haber recibido un caballo regalado \u2013la presidencia del Parlamento\u2013 que llevaba en su interior un Marcotegui. No es s\u00f3lo que nuestros griegos de ocasi\u00f3n regalen lo que consideran de tan poco valor como para hab\u00e9rselo dado en la anterior legislatura a quien pensaban poner en \u00e9sta de patitas en la calle. En efecto, la presidencia del Parlamento navarro debe de ser para UPN algo de un valor tan meramente ornamental que en la anterior legislatura se la dieron, como quien da una elegante patada para arriba, a don Rafael Gurrea, hoy, pol\u00edticamente hablando, soltero y solo en la vida, a su pesar. Cierto que los socialistas tampoco deb\u00edan de otorgar en su momento a tan alta  [&#8230;]<\/p>\n","protected":false},"author":82,"featured_media":0,"comment_status":"open","ping_status":"open","sticky":false,"template":"","format":"standard","meta":{"jetpack_post_was_ever_published":false,"_jetpack_newsletter_access":"","_jetpack_dont_email_post_to_subs":false,"_jetpack_newsletter_tier_id":0,"_jetpack_memberships_contains_paywalled_content":false,"_jetpack_memberships_contains_paid_content":false,"footnotes":"","jetpack_publicize_message":"","jetpack_publicize_feature_enabled":true,"jetpack_social_post_already_shared":false,"jetpack_social_options":{"image_generator_settings":{"template":"highway","default_image_id":0,"font":"","enabled":false},"version":2}},"categories":[3],"tags":[],"class_list":["post-105","post","type-post","status-publish","format-standard","hentry","category-na"],"jetpack_publicize_connections":[],"jetpack_featured_media_url":"","jetpack_shortlink":"https:\/\/wp.me\/s6kHv-columna","jetpack_sharing_enabled":true,"jetpack-related-posts":[{"id":134,"url":"https:\/\/www.edder.org\/?p=134","url_meta":{"origin":105,"position":0},"title":"Normalidad","author":"Eder","date":"viernes, 1 Feb, 2008","format":false,"excerpt":"Entre los t\u00f3picos cuyo significado resulta misterio, aparte de \u2018friqui\u2019 y \u2018trasversal\u2019, est\u00e1 \u2018normalizar\u2019. Normalizar lo us\u00f3 con profusi\u00f3n esta semana la presidenta del Parlamento Navarro, seg\u00fan la que, en su balance de lo que va de legislatura, la normalidad detectada \u2013vaya usted a saber con qu\u00e9 detector\u2013 es el\u2026","rel":"","context":"En \u00abNA\u00bb","block_context":{"text":"NA","link":"https:\/\/www.edder.org\/?cat=3"},"img":{"alt_text":"","src":"","width":0,"height":0},"classes":[]},{"id":255,"url":"https:\/\/www.edder.org\/?p=255","url_meta":{"origin":105,"position":1},"title":"N\u00e9potisme \u00e0 la navarroise","author":"Eder","date":"viernes, 13 Feb, 2009","format":false,"excerpt":"Tan joven \u2013el presidente Sanz, digo\u2013 y ya todo un geront\u00f3crata, como Aizp\u00fan en su ancianidad. No soy el \u00fanico navarro que ha tenido ocasi\u00f3n de avergonzarse en lo que va de semana al menos dos veces de nuestro gerontocr\u00e1tico presidente. La primera ocasi\u00f3n de pasar verg\u00fcenza ajena se nos\u2026","rel":"","context":"En \u00abNA\u00bb","block_context":{"text":"NA","link":"https:\/\/www.edder.org\/?cat=3"},"img":{"alt_text":"","src":"","width":0,"height":0},"classes":[]},{"id":94,"url":"https:\/\/www.edder.org\/?p=94","url_meta":{"origin":105,"position":2},"title":"Apasionados por t\u00ed y por ty","author":"Eder","date":"viernes, 6 Abr, 2007","format":false,"excerpt":"S\u00ed, lo s\u00e9: por mucho que ???s\u00ed??? o ???m\u00ed??? deban llevar tilde a menudo, no hay ninguna raz\u00f3n gramatical para ponerla sobre la i de ti ???y menos para escribir ty???. Pero el coraz\u00f3n conoce razones que la ortograf\u00eda no entiende y hay tis tan apasionados que c\u00f3mo no remarcarlos\u2026","rel":"","context":"En \u00abNA\u00bb","block_context":{"text":"NA","link":"https:\/\/www.edder.org\/?cat=3"},"img":{"alt_text":"","src":"","width":0,"height":0},"classes":[]},{"id":104,"url":"https:\/\/www.edder.org\/?p=104","url_meta":{"origin":105,"position":3},"title":"Sartaguda o la puerta al recuerdo","author":"Eder","date":"viernes, 15 Jun, 2007","format":false,"excerpt":"A la asociaci\u00f3n El Pueblo de las Viudas de Sartaguda s\u00f3lo le faltan 85.000 euros para poder terminar el Parque de la Memoria: un sitio donde recordar a quienes en nuestra tierra no tienen d\u00f3nde ser recordados, como tantos del Pueblo de las Viudas, aniquilados con sa\u00f1a sistem\u00e1tica tras la\u2026","rel":"","context":"En \u00abNA\u00bb","block_context":{"text":"NA","link":"https:\/\/www.edder.org\/?cat=3"},"img":{"alt_text":"","src":"","width":0,"height":0},"classes":[]},{"id":619,"url":"https:\/\/www.edder.org\/?p=619","url_meta":{"origin":105,"position":4},"title":"Mi \u201creyno\u201d  es de este mundo","author":"Eder","date":"viernes, 26 Mar, 2010","format":false,"excerpt":"Es f\u00e1cil explicar en qu\u00e9 consiste y por qu\u00e9 persiste el poder \u2013tradicional y real\u2013 de la Iglesia romana. La Iglesia cat\u00f3lica, se la invite o se autoinvite, est\u00e1 siempre ah\u00ed para pasar revista; para levantar acta en los momentos cruciales de la vida de las personas \u2013nacimiento, emparejamiento, \u00faltima\u2026","rel":"","context":"En \u00abNA\u00bb","block_context":{"text":"NA","link":"https:\/\/www.edder.org\/?cat=3"},"img":{"alt_text":"","src":"https:\/\/i0.wp.com\/www.edder.org\/upload\/2010\/03\/aralar.gif?resize=350%2C200&ssl=1","width":350,"height":200},"classes":[]},{"id":35,"url":"https:\/\/www.edder.org\/?p=35","url_meta":{"origin":105,"position":5},"title":"El h\u00e1bito regener\u00f3 al monde","author":"Eder","date":"viernes, 6 Ene, 2006","format":false,"excerpt":"La desfachatez que ha llevado a Sanz \u2013Sanz Sesma\u2013 a interpretar la sentencia judicial por la que se anula la concesi\u00f3n de licencias de radio hecha en su d\u00eda por Sanz \u2013Sanz Barea\u2013 y Palacios como otro \u00e9xito del Gobierno de UPN \u2013otro m\u00e1s de la cascada incesante de \u00e9xitos\u2026","rel":"","context":"En \u00abNA\u00bb","block_context":{"text":"NA","link":"https:\/\/www.edder.org\/?cat=3"},"img":{"alt_text":"","src":"","width":0,"height":0},"classes":[]}],"jetpack_likes_enabled":true,"_links":{"self":[{"href":"https:\/\/www.edder.org\/index.php?rest_route=\/wp\/v2\/posts\/105","targetHints":{"allow":["GET"]}}],"collection":[{"href":"https:\/\/www.edder.org\/index.php?rest_route=\/wp\/v2\/posts"}],"about":[{"href":"https:\/\/www.edder.org\/index.php?rest_route=\/wp\/v2\/types\/post"}],"author":[{"embeddable":true,"href":"https:\/\/www.edder.org\/index.php?rest_route=\/wp\/v2\/users\/82"}],"replies":[{"embeddable":true,"href":"https:\/\/www.edder.org\/index.php?rest_route=%2Fwp%2Fv2%2Fcomments&post=105"}],"version-history":[{"count":0,"href":"https:\/\/www.edder.org\/index.php?rest_route=\/wp\/v2\/posts\/105\/revisions"}],"wp:attachment":[{"href":"https:\/\/www.edder.org\/index.php?rest_route=%2Fwp%2Fv2%2Fmedia&parent=105"}],"wp:term":[{"taxonomy":"category","embeddable":true,"href":"https:\/\/www.edder.org\/index.php?rest_route=%2Fwp%2Fv2%2Fcategories&post=105"},{"taxonomy":"post_tag","embeddable":true,"href":"https:\/\/www.edder.org\/index.php?rest_route=%2Fwp%2Fv2%2Ftags&post=105"}],"curies":[{"name":"wp","href":"https:\/\/api.w.org\/{rel}","templated":true}]}}