{"id":104,"date":"2007-06-15T06:59:08","date_gmt":"2007-06-15T04:59:08","guid":{"rendered":"https:\/\/www.edder.org\/?p=104"},"modified":"2018-07-27T16:38:30","modified_gmt":"2018-07-27T14:38:30","slug":"104","status":"publish","type":"post","link":"https:\/\/www.edder.org\/?p=104","title":{"rendered":"Sartaguda o la puerta al recuerdo"},"content":{"rendered":"<p>A la asociaci\u00f3n El Pueblo de las Viudas de Sartaguda s\u00f3lo le faltan 85.000 euros para poder terminar el Parque de la Memoria: un sitio donde recordar a quienes en nuestra tierra no tienen d\u00f3nde ser recordados, como tantos del Pueblo de las Viudas, aniquilados con sa\u00f1a sistem\u00e1tica tras la insurrecci\u00f3n de 1936 contra el orden constitucional. Creo que en Sartaguda, que antes de ser el Pueblo de las Viudas fue el feudo de un terrateniente al que se saludaba al grito de ???\u00a1Viva el se\u00f1or duque!???, fueron cerca de cien las viudas de los que, animados por la fe en el progreso social que se viv\u00eda entonces ???fe en las ideas socialistas, en sus distintas variantes???, se atrevieron a reclamar el derecho a un trozo de tierra y un pedazo de pan. Las palabras del director del golpe militar, Emilio Mola ??????Hay que sembrar el terror. Hay que eliminar sin escr\u00fapulos ni vacilaciones a todos los que no piensan como nosotros??????, golpearon con toda su crudeza en Sartaguda, donde desde hace tiempo se persigue costruir un parque. Un parque con muro en el que, el dedo de quien all\u00ed quiera recordar, pueda detenerse en uno de los nombres de los 3.350 inscritos en \u00e9l. El proyecto no termin\u00f3 de gustar al saliente Gobierno de Navarra, que quiso imponer otra cosa. El Parlamento apoy\u00f3 a los del pueblo, aunque no lo bastante, por lo que los del pueblo siguieron adelante, pidiendo dinero por los ayuntamientos. El grupo pol\u00edtico de la alcaldesa de Pamplona ???saliente y entrante??? logr\u00f3 que el ayuntamiento de la capital no diese un duro por la memoria de aquellos difuntos. Pero por el empe\u00f1o de los de Sartaguda ???entre ellos, el que pudiera ser el pr\u00f3ximo alcalde, si los bur\u00f3cratas de la pol\u00edtica no lo fulminan antes???, faltan tan s\u00f3lo 85.000 euros para terminar el parque. Son los euros necesarios para que el escultor navarro que mejor merece ese nombre, ponga all\u00ed una puerta. Una puerta al recuerdo que ojal\u00e1 no puedan ostruir ni las miserias del c\u00e1lculo pol\u00edtico ni la mezquindad de quienes nunca quisieron que se abriera.<\/p>\n<div align=\"right\">Publicado en <a target=\"blank\" href=\"http:\/\/www.noticiasdenavarra.com\/ediciones\/2007\/06\/15\/opinion\/contra.php\">Diario de Noticias<\/a><img class=\"lazyload\" decoding=\"async\" align=\"right\" title=\"dn\" alt=\"dn\" src=\"data:image\/gif;base64,R0lGODlhAQABAAAAACH5BAEKAAEALAAAAAABAAEAAAICTAEAOw==\" data-orig-src=\"https:\/\/www.edder.org\/images\/dn.gif\" \/><\/div>\n","protected":false},"excerpt":{"rendered":"<p>A la asociaci\u00f3n El Pueblo de las Viudas de Sartaguda s\u00f3lo le faltan 85.000 euros para poder terminar el Parque de la Memoria: un sitio donde recordar a quienes en nuestra tierra no tienen d\u00f3nde ser recordados, como tantos del Pueblo de las Viudas, aniquilados con sa\u00f1a sistem\u00e1tica tras la insurrecci\u00f3n de 1936 contra el orden constitucional. Creo que en Sartaguda, que antes de ser el Pueblo de las Viudas fue el feudo de un terrateniente al que se saludaba al grito de ???\u00a1Viva el se\u00f1or duque!???, fueron cerca de cien las viudas de los que, animados por la fe en el progreso social que se viv\u00eda entonces ???fe en las ideas socialistas, en sus distintas variantes???, se atrevieron a reclamar el derecho a un trozo de  [&#8230;]<\/p>\n","protected":false},"author":82,"featured_media":0,"comment_status":"open","ping_status":"open","sticky":false,"template":"","format":"standard","meta":{"jetpack_post_was_ever_published":false,"_jetpack_newsletter_access":"","_jetpack_dont_email_post_to_subs":false,"_jetpack_newsletter_tier_id":0,"_jetpack_memberships_contains_paywalled_content":false,"_jetpack_memberships_contains_paid_content":false,"footnotes":"","jetpack_publicize_message":"","jetpack_publicize_feature_enabled":true,"jetpack_social_post_already_shared":false,"jetpack_social_options":{"image_generator_settings":{"template":"highway","default_image_id":0,"font":"","enabled":false},"version":2}},"categories":[3],"tags":[],"class_list":["post-104","post","type-post","status-publish","format-standard","hentry","category-na"],"jetpack_publicize_connections":[],"jetpack_featured_media_url":"","jetpack_shortlink":"https:\/\/wp.me\/s6kHv-104","jetpack_sharing_enabled":true,"jetpack-related-posts":[{"id":2184,"url":"https:\/\/www.edder.org\/?p=2184","url_meta":{"origin":104,"position":0},"title":"A\u00f1os triunfales","author":"Eder","date":"s\u00e1bado, 26 Nov, 2011","format":false,"excerpt":"","rel":"","context":"En \u00abLetras\u00bb","block_context":{"text":"Letras","link":"https:\/\/www.edder.org\/?cat=93"},"img":{"alt_text":"","src":"https:\/\/i0.wp.com\/edder.org\/images\/triunfales.jpg?resize=350%2C200","width":350,"height":200,"srcset":"https:\/\/i0.wp.com\/edder.org\/images\/triunfales.jpg?resize=350%2C200 1x, https:\/\/i0.wp.com\/edder.org\/images\/triunfales.jpg?resize=525%2C300 1.5x"},"classes":[]},{"id":43527,"url":"https:\/\/www.edder.org\/?p=43527","url_meta":{"origin":104,"position":1},"title":"Da\u00f1os triunfales (Aguirre Gil de Biedma, Esperanza), A\u00f1os triunfales (Gil de Biedma y Alba, Jaime)","author":"Eder","date":"s\u00e1bado, 7 Jun, 2025","format":false,"excerpt":"","rel":"","context":"En \u00abPostal expr\u00e9s\u00bb","block_context":{"text":"Postal expr\u00e9s","link":"https:\/\/www.edder.org\/?cat=485"},"img":{"alt_text":"","src":"https:\/\/i0.wp.com\/www.edder.org\/upload\/2025\/06\/DAGNOS.jpg?resize=350%2C200&ssl=1","width":350,"height":200,"srcset":"https:\/\/i0.wp.com\/www.edder.org\/upload\/2025\/06\/DAGNOS.jpg?resize=350%2C200&ssl=1 1x, https:\/\/i0.wp.com\/www.edder.org\/upload\/2025\/06\/DAGNOS.jpg?resize=525%2C300&ssl=1 1.5x, https:\/\/i0.wp.com\/www.edder.org\/upload\/2025\/06\/DAGNOS.jpg?resize=700%2C400&ssl=1 2x"},"classes":[]},{"id":12718,"url":"https:\/\/www.edder.org\/?p=12718","url_meta":{"origin":104,"position":2},"title":"Michelet, Wilson Picket, Robespierre, el rid\u00edculo profesor","author":"Eder","date":"lunes, 1 Feb, 2016","format":false,"excerpt":"","rel":"","context":"En \u00abCine\u00bb","block_context":{"text":"Cine","link":"https:\/\/www.edder.org\/?cat=79"},"img":{"alt_text":"","src":"","width":0,"height":0},"classes":[]},{"id":12724,"url":"https:\/\/www.edder.org\/?p=12724","url_meta":{"origin":104,"position":3},"title":"Wilson Picket: incluso m\u00e1s fuerte que Michelet","author":"Eder","date":"lunes, 1 Feb, 2016","format":false,"excerpt":"La alumna guapa, las copas, el rid\u00edculo profesor... total: Wilson Picket, \u00abincluso m\u00e1s fuerte que","rel":"","context":"En \u00abCine\u00bb","block_context":{"text":"Cine","link":"https:\/\/www.edder.org\/?cat=79"},"img":{"alt_text":"","src":"","width":0,"height":0},"classes":[]},{"id":47751,"url":"https:\/\/www.edder.org\/?p=47751","url_meta":{"origin":104,"position":4},"title":"Javier Ib\u00e1\u00f1ez Huici (Pamplona, 1953-2026)","author":"Eder","date":"jueves, 5 Feb, 2026","format":false,"excerpt":"","rel":"","context":"En \u00abActualidades\u00bb","block_context":{"text":"Actualidades","link":"https:\/\/www.edder.org\/?cat=802"},"img":{"alt_text":"","src":"https:\/\/i0.wp.com\/www.edder.org\/upload\/2026\/02\/Screenshot-2026-02-05-at-12.58.07.png?resize=350%2C200&ssl=1","width":350,"height":200,"srcset":"https:\/\/i0.wp.com\/www.edder.org\/upload\/2026\/02\/Screenshot-2026-02-05-at-12.58.07.png?resize=350%2C200&ssl=1 1x, https:\/\/i0.wp.com\/www.edder.org\/upload\/2026\/02\/Screenshot-2026-02-05-at-12.58.07.png?resize=525%2C300&ssl=1 1.5x, https:\/\/i0.wp.com\/www.edder.org\/upload\/2026\/02\/Screenshot-2026-02-05-at-12.58.07.png?resize=700%2C400&ssl=1 2x, https:\/\/i0.wp.com\/www.edder.org\/upload\/2026\/02\/Screenshot-2026-02-05-at-12.58.07.png?resize=1050%2C600&ssl=1 3x"},"classes":[]},{"id":58,"url":"https:\/\/www.edder.org\/?p=58","url_meta":{"origin":104,"position":5},"title":"Paradojas de aldea","author":"Eder","date":"viernes, 26 May, 2006","format":false,"excerpt":"","rel":"","context":"En \u00abNA\u00bb","block_context":{"text":"NA","link":"https:\/\/www.edder.org\/?cat=3"},"img":{"alt_text":"","src":"","width":0,"height":0},"classes":[]}],"jetpack_likes_enabled":true,"_links":{"self":[{"href":"https:\/\/www.edder.org\/index.php?rest_route=\/wp\/v2\/posts\/104","targetHints":{"allow":["GET"]}}],"collection":[{"href":"https:\/\/www.edder.org\/index.php?rest_route=\/wp\/v2\/posts"}],"about":[{"href":"https:\/\/www.edder.org\/index.php?rest_route=\/wp\/v2\/types\/post"}],"author":[{"embeddable":true,"href":"https:\/\/www.edder.org\/index.php?rest_route=\/wp\/v2\/users\/82"}],"replies":[{"embeddable":true,"href":"https:\/\/www.edder.org\/index.php?rest_route=%2Fwp%2Fv2%2Fcomments&post=104"}],"version-history":[{"count":0,"href":"https:\/\/www.edder.org\/index.php?rest_route=\/wp\/v2\/posts\/104\/revisions"}],"wp:attachment":[{"href":"https:\/\/www.edder.org\/index.php?rest_route=%2Fwp%2Fv2%2Fmedia&parent=104"}],"wp:term":[{"taxonomy":"category","embeddable":true,"href":"https:\/\/www.edder.org\/index.php?rest_route=%2Fwp%2Fv2%2Fcategories&post=104"},{"taxonomy":"post_tag","embeddable":true,"href":"https:\/\/www.edder.org\/index.php?rest_route=%2Fwp%2Fv2%2Ftags&post=104"}],"curies":[{"name":"wp","href":"https:\/\/api.w.org\/{rel}","templated":true}]}}