{"id":103,"date":"2007-06-08T20:17:26","date_gmt":"2007-06-08T18:17:26","guid":{"rendered":"https:\/\/www.edder.org\/?p=103"},"modified":"2018-07-27T16:38:30","modified_gmt":"2018-07-27T14:38:30","slug":"cambiazo","status":"publish","type":"post","link":"https:\/\/www.edder.org\/?p=103","title":{"rendered":"Cambiazo"},"content":{"rendered":"<p>Si descartamos que el repentino ataque de sensatez sufrido en horas recientes por Miguel Sanz se deba a alg\u00fan accidente neurol\u00f3gico, no nos queda m\u00e1s que aceptar que la sensatez, de la que ahora parece dispuesto a dar muestras a manos llenas, es una de las virtudes constitutivas de su persona. Eso s\u00ed, se tratar\u00eda de una virtud celosamente ocultada en un pasado reciente, si no por mero c\u00e1lculo pol\u00edtico ???err\u00f3neo, vistos los resultados de las urnas???, s\u00ed por amor al <em>Reyno<\/em> de sus desvelos ???por esp\u00edritu de sacrificio patri\u00f3tico, vaya???. Naturalmente que el agudo ataque de sensatez sufrido por Sanz no lleg\u00f3 al extremo de confesar que ejerc\u00eda intencionadamente como histri\u00f3n cuando, con aire fren\u00e9tico y desencajado, agit\u00f3 el espantajo, no del todo infalible ???al espantajo de ???\u00a1que vienen los vascos!??? me refiero, s\u00ed??? para arrastrar a manifestarse a toda la gente de bien junto a Rajoy y sus pendencieros mariachis. Por descontado que el s\u00fabito y muy sincero ataque de sensatez padecido por el que fuera tonante y tronante presidente, m\u00e1s de los navarros de bien que de la gente de mal vivir y err\u00f3neo pensar, no ha llegado al extremo de confesarnos lo que no sabemos si alg\u00fan gobierno futuro, de los diversos que se barajan, llegar\u00e1 a revelar: el coste para el Erario de aquella puesta en escena llena de flameante y flam\u00edgero navarrismo. Con la irrupci\u00f3n en la escena de la amenaza, esa s\u00ed que real, de los fantoches criminales de ETA, la perspectiva de un cambio de algo m\u00e1s que de caras en el Gobierno se hace a\u00fan m\u00e1s ilusoria. No habr\u00e1 que extra\u00f1arse si finalmente lo que prospera es eso que los navarr\u00f3logos ???los mismos que histri\u00f3nicamente ped\u00edan el voto contra el cambio??? piden ahora en nombre de la sensatez: que todo cambie para que todo siga igual; vamos, para que siga Sanz. Puesto que Sanz ya no es Sanz, sino el hombre que a ra\u00edz de su inopinado ataque de sensatez cosecha aplausos entre los navarr\u00f3logos, en el previsible caso de no haber cambio, por lo menos habremos vivido todo un cambiazo.<\/p>\n<div align=\"right\">Publicado en <a target=\"blank\" href=\"http:\/\/www.noticiasdenavarra.com\/ediciones\/2007\/06\/08\/opinion\/contra.php\">Diario de Noticias<\/a><img class=\"lazyload\" decoding=\"async\" align=\"right\" title=\"dn\" alt=\"dn\" src=\"data:image\/gif;base64,R0lGODlhAQABAAAAACH5BAEKAAEALAAAAAABAAEAAAICTAEAOw==\" data-orig-src=\"https:\/\/www.edder.org\/images\/dn.gif\" \/><\/div>\n","protected":false},"excerpt":{"rendered":"<p>Si descartamos que el repentino ataque de sensatez sufrido en horas recientes por Miguel Sanz se deba a alg\u00fan accidente neurol\u00f3gico, no nos queda m\u00e1s que aceptar que la sensatez, de la que ahora parece dispuesto a dar muestras a manos llenas, es una de las virtudes constitutivas de su persona. Eso s\u00ed, se tratar\u00eda de una virtud celosamente ocultada en un pasado reciente, si no por mero c\u00e1lculo pol\u00edtico ???err\u00f3neo, vistos los resultados de las urnas???, s\u00ed por amor al Reyno de sus desvelos ???por esp\u00edritu de sacrificio patri\u00f3tico, vaya???. Naturalmente que el agudo ataque de sensatez sufrido por Sanz no lleg\u00f3 al extremo de confesar que ejerc\u00eda intencionadamente como histri\u00f3n cuando, con aire fren\u00e9tico y desencajado, agit\u00f3 el espantajo, no del todo infalible ???al espantajo  [&#8230;]<\/p>\n","protected":false},"author":82,"featured_media":0,"comment_status":"open","ping_status":"open","sticky":false,"template":"","format":"standard","meta":{"jetpack_post_was_ever_published":false,"_jetpack_newsletter_access":"","_jetpack_dont_email_post_to_subs":false,"_jetpack_newsletter_tier_id":0,"_jetpack_memberships_contains_paywalled_content":false,"_jetpack_memberships_contains_paid_content":false,"footnotes":"","jetpack_publicize_message":"","jetpack_publicize_feature_enabled":true,"jetpack_social_post_already_shared":false,"jetpack_social_options":{"image_generator_settings":{"template":"highway","default_image_id":0,"font":"","enabled":false},"version":2}},"categories":[3],"tags":[],"class_list":["post-103","post","type-post","status-publish","format-standard","hentry","category-na"],"jetpack_publicize_connections":[],"jetpack_featured_media_url":"","jetpack_shortlink":"https:\/\/wp.me\/s6kHv-cambiazo","jetpack_sharing_enabled":true,"jetpack-related-posts":[{"id":39397,"url":"https:\/\/www.edder.org\/?p=39397","url_meta":{"origin":103,"position":0},"title":"La dictadura chilena y la democracia \u2013\u00bforg\u00e1nica?\u2013 espa\u00f1ola","author":"Eder","date":"lunes, 30 Nov, 2020","format":false,"excerpt":"","rel":"","context":"En \u00abCine\u00bb","block_context":{"text":"Cine","link":"https:\/\/www.edder.org\/?cat=79"},"img":{"alt_text":"","src":"https:\/\/i0.wp.com\/www.edder.org\/upload\/2020\/11\/militares_sanchez1.png?resize=350%2C200&ssl=1","width":350,"height":200,"srcset":"https:\/\/i0.wp.com\/www.edder.org\/upload\/2020\/11\/militares_sanchez1.png?resize=350%2C200&ssl=1 1x, https:\/\/i0.wp.com\/www.edder.org\/upload\/2020\/11\/militares_sanchez1.png?resize=525%2C300&ssl=1 1.5x"},"classes":[]},{"id":80,"url":"https:\/\/www.edder.org\/?p=80","url_meta":{"origin":103,"position":1},"title":"Las mentiras de los Sanz","author":"Eder","date":"viernes, 19 Ene, 2007","format":false,"excerpt":"Alguno de los Sanz miente. Alguno de los Sanz miente y no es Alejandro. O si Alejandro Sanz miente, all\u00e1 pel\u00edculas: el cantante no preside ning\u00fan gobierno auton\u00f3mico. Por su parte, parece m\u00e1s que comprobado que Miguel Sanz enton\u00f3 el pasado s\u00e1bado sentidas jotas de su repertorio en la localidad\u2026","rel":"","context":"En \u00abNA\u00bb","block_context":{"text":"NA","link":"https:\/\/www.edder.org\/?cat=3"},"img":{"alt_text":"","src":"","width":0,"height":0},"classes":[]},{"id":433,"url":"https:\/\/www.edder.org\/?p=433","url_meta":{"origin":103,"position":2},"title":"Yes, they Can","author":"Eder","date":"viernes, 26 Jun, 2009","format":false,"excerpt":"Yes, they Can, o lo que es mismo: Sanz y Barcina seguir\u00e1n estando en la Can cuando el \u00faltimo pol\u00edtico que se vaya de Caja Navarra cierre la puerta. Es m\u00e1s: Sanz estar\u00eda en las altas esferas de Caja Navarra incluso en el poco veros\u00edmil supuesto de que hoy mismo\u2026","rel":"","context":"En \u00abNA\u00bb","block_context":{"text":"NA","link":"https:\/\/www.edder.org\/?cat=3"},"img":{"alt_text":"","src":"","width":0,"height":0},"classes":[]},{"id":35,"url":"https:\/\/www.edder.org\/?p=35","url_meta":{"origin":103,"position":3},"title":"El h\u00e1bito regener\u00f3 al monde","author":"Eder","date":"viernes, 6 Ene, 2006","format":false,"excerpt":"La desfachatez que ha llevado a Sanz \u2013Sanz Sesma\u2013 a interpretar la sentencia judicial por la que se anula la concesi\u00f3n de licencias de radio hecha en su d\u00eda por Sanz \u2013Sanz Barea\u2013 y Palacios como otro \u00e9xito del Gobierno de UPN \u2013otro m\u00e1s de la cascada incesante de \u00e9xitos\u2026","rel":"","context":"En \u00abNA\u00bb","block_context":{"text":"NA","link":"https:\/\/www.edder.org\/?cat=3"},"img":{"alt_text":"","src":"","width":0,"height":0},"classes":[]},{"id":174,"url":"https:\/\/www.edder.org\/?p=174","url_meta":{"origin":103,"position":4},"title":"Foralit\u00e9","author":"Eder","date":"viernes, 12 Sep, 2008","format":false,"excerpt":"Aprovechen que se acaban. Que se acaban los vodeviles y sainetes de ese Alfredo Landa hiperforal que es nuestro gran Miguel Sanz. Aunque previsible, la \u00faltima actuaci\u00f3n de nuestro hiperforal histri\u00f3n \u2013Sanz, no Landa, que Landa es hiperforal en el Reyno, superdonostiarra en San Sebasti\u00e1n y el padre fundador de\u2026","rel":"","context":"En \u00abNA\u00bb","block_context":{"text":"NA","link":"https:\/\/www.edder.org\/?cat=3"},"img":{"alt_text":"","src":"","width":0,"height":0},"classes":[]},{"id":93,"url":"https:\/\/www.edder.org\/?p=93","url_meta":{"origin":103,"position":5},"title":"La pertinaz sequ\u00eda","author":"Eder","date":"viernes, 30 Mar, 2007","format":false,"excerpt":"Ha habido en el \u00faltimo minuto una aut\u00e9ntica riada informativa sobre lo que cuesta un caf\u00e9. Por contra, cabe suponer que para compensar la riada, en esta tierra de secano seguimos con la pertinaz sequ\u00eda de noticias oficiales sobre el precio de la demostraci\u00f3n p\u00fablica de navarr\u00edsimo navarrismo organizada hace\u2026","rel":"","context":"En \u00abNA\u00bb","block_context":{"text":"NA","link":"https:\/\/www.edder.org\/?cat=3"},"img":{"alt_text":"","src":"","width":0,"height":0},"classes":[]}],"jetpack_likes_enabled":true,"_links":{"self":[{"href":"https:\/\/www.edder.org\/index.php?rest_route=\/wp\/v2\/posts\/103","targetHints":{"allow":["GET"]}}],"collection":[{"href":"https:\/\/www.edder.org\/index.php?rest_route=\/wp\/v2\/posts"}],"about":[{"href":"https:\/\/www.edder.org\/index.php?rest_route=\/wp\/v2\/types\/post"}],"author":[{"embeddable":true,"href":"https:\/\/www.edder.org\/index.php?rest_route=\/wp\/v2\/users\/82"}],"replies":[{"embeddable":true,"href":"https:\/\/www.edder.org\/index.php?rest_route=%2Fwp%2Fv2%2Fcomments&post=103"}],"version-history":[{"count":0,"href":"https:\/\/www.edder.org\/index.php?rest_route=\/wp\/v2\/posts\/103\/revisions"}],"wp:attachment":[{"href":"https:\/\/www.edder.org\/index.php?rest_route=%2Fwp%2Fv2%2Fmedia&parent=103"}],"wp:term":[{"taxonomy":"category","embeddable":true,"href":"https:\/\/www.edder.org\/index.php?rest_route=%2Fwp%2Fv2%2Fcategories&post=103"},{"taxonomy":"post_tag","embeddable":true,"href":"https:\/\/www.edder.org\/index.php?rest_route=%2Fwp%2Fv2%2Ftags&post=103"}],"curies":[{"name":"wp","href":"https:\/\/api.w.org\/{rel}","templated":true}]}}