{"id":1016,"date":"2013-03-12T15:58:35","date_gmt":"2013-03-12T14:58:35","guid":{"rendered":"https:\/\/www.edder.org\/?p=1016"},"modified":"2018-07-27T16:37:15","modified_gmt":"2018-07-27T14:37:15","slug":"tati-por-s-daney","status":"publish","type":"post","link":"https:\/\/www.edder.org\/?p=1016","title":{"rendered":"Tati, por Serge Daney"},"content":{"rendered":"<p>El m&aacute;s grande. Aquel de quien nunca se dud&oacute; jam&aacute;s, por otra parte. Cada tanto le rend&iacute;an homenaje. Se hablaba de &eacute;l un poco en pasado. Era un error, claro. Testarudo, Tati ten&iacute;a sus ideas sobre todo, y hac&iacute;a proyectos quim&eacute;ricos. Ideas sobre el cine &ndash;estaba listo para batirse en favor del cortometraje, no quer&iacute;a que el cine pierda su lado artesanal&ndash; y planes para films futuros. El &uacute;ltimo se llamaba <em>Confusi&oacute;n<\/em>. Tati ya no pose&iacute;a nada m&aacute;s que su nombre y unas cuantas obras maestras en su haber cuyos derechos no le pertenec&iacute;an. El desastre financiero de <em>Playtime<\/em> lo hab&iacute;a arruinado. Nunca se recuper&oacute;, pero a los que le dec&iacute;an que el film era bueno &ndash;uno de los mejores&ndash; les respond&iacute;a: &laquo;Tuve raz&oacute;n, &iquest;no?&raquo;.<br \/>\n\tLo vuelvo a ver, sin duda ya enfermo, tez de cera y cabellos blancos, gran cuerpo encogido y movedizo, en su peque&ntilde;a oficina de los estudios SIS a la que iba todos los d&iacute;as para no abandonar la idea de que pertenec&iacute;a todav&iacute;a al mundo del cine. Ten&iacute;a una manera &uacute;nica de comenzar una frase en voz baja, con palabras, y terminarla en el esbozo de un movimiento. Escucharlo era ver una puntuaci&oacute;n viviente, comas que se animaban, par&eacute;ntesis y onomatopeyas que se convert&iacute;an en discurso, en danza. Era como esas estrellas que solo tienen que indicar el lugar del movimiento que ya no pueden hacer para que lo veamos en la imaginaci&oacute;n. M&aacute;s a&uacute;n: para que la emoci&oacute;n se mezcle con la risa. En m&uacute;sica, se dir&iacute;a: <em>swing<\/em>.<br \/>\n\tTati invent&oacute; el sonido moderno en el cine. Como se dice en estos casos, todos, siempre, le deber&aacute;n todo. Lo hizo siguiendo su genio c&oacute;mico, haciendo re&iacute;r. No le bastaba con ser un <em>clown<\/em> de genio, saber mimar el tenis, el tr&aacute;fico automovil&iacute;stico o la angustia del arquero ante el tiro definitivo: ademas, ten&iacute;a que hacer de un film una creaci&oacute;n completa. Era un autor, si es que esta palabra tiene todav&iacute;a sentido. Todo el mundo se acuerda de un ruido de puerta en <em>Las vacaciones de Monsieur Hulot<\/em>, de un insecto en <em>D&iacute;a de fiesta<\/em>, de una pelota de <em>ping-pong<\/em> que dobla los ruidos de los pasos en <em>Playtime<\/em>. No hab&iacute;a necesidad de descomponer el film en penosas etapas &ndash;gui&oacute;n, di&aacute;logos, puesta en escena, m&uacute;sica&ndash;: todo ello le ven&iacute;a de una vez. Y luego, se pon&iacute;a a trabajar.<br \/>\n\tSolo &eacute;l, despu&eacute;s de Keaton, logr&oacute; hacer re&iacute;r a los m&aacute;s con el espect&aacute;culo de las cosas a punto de descomponerse. El an&aacute;lisis como producto de una furiosa s&iacute;ntesis. Por eso necesitaba de la inteligencia del p&uacute;blico, del mismo modo que un trapecista tiene necesidad del alambre. Pues en realidad no contaba historias, lanzaba golpes de sonda de etn&oacute;logo bromista a la sociedad francesa, la &uacute;nica que le interesaba y de la que formaba parte de modo tan esencial, vi&eacute;ndola como una tribu simp&aacute;tica pero en perpetuo cambio. En un momento dado, en lugar de administrar la imagen de un Hulot convertido en abuelo, abandona a su doble, hace de &eacute;l una cita viviente, el patr&oacute;n indiscreto de un peque&ntilde;o mundo, el observador mejor ubicado en sus metamorfosis. Sus ataques contra el mundo moderno y el conservadurismo estrecho que le animaba no deben enmascarar el hecho de que retrat&oacute; este mundo moderno mejor que nadie. M&aacute;s a&uacute;n: en parte, lo prefigur&oacute;. Un gran <em>designer<\/em>.<br \/>\n\tDesde la guerra, cada generaci&oacute;n de peque&ntilde;os franceses creci&oacute; entre dos metamorfosis de Tati. En lugar de decir atolondradamente, nac&iacute; en tal a&ntilde;o, habr&iacute;a que decir: nac&iacute; entre <em>Jour de f&ecirc;te<\/em> y <em>Hulot<\/em>; entre <em>Hulot<\/em> y <em>Mon oncle<\/em>; entre <em>Mon oncle<\/em> y <em>Playtime<\/em>; despu&eacute;s de <em>Playtime<\/em>. &Eacute;l, de todos modos, era &uacute;nico.<\/p>\n<p>Serge Daney, <em>Lib&eacute;ration<\/em> (1982)<\/p>\n<p>&nbsp;<\/p>\n<p style=\"text-align: center;\"><div class=\"fusion-fullwidth fullwidth-box fusion-builder-row-1 hundred-percent-fullwidth non-hundred-percent-height-scrolling\" style=\"--awb-border-radius-top-left:0px;--awb-border-radius-top-right:0px;--awb-border-radius-bottom-right:0px;--awb-border-radius-bottom-left:0px;--awb-overflow:visible;--awb-flex-wrap:wrap;\" ><div class=\"fusion-builder-row fusion-row\"><div class=\"fusion-layout-column fusion_builder_column fusion-builder-column-0 fusion_builder_column_1_1 1_1 fusion-one-full fusion-column-first fusion-column-last fusion-column-no-min-height\" style=\"--awb-bg-size:cover;--awb-margin-bottom:0px;\"><div class=\"fusion-column-wrapper fusion-flex-column-wrapper-legacy\"><div class=\"video-shortcode\"><iframe width=\"960\" height=\"720\" src=\"https:\/\/www.youtube.com\/embed\/pv5lOeuBw8s?feature=oembed\" frameborder=\"0\" allowfullscreen><\/iframe><\/div>\n<div class=\"fusion-clearfix\"><\/div><\/div><\/div><\/div><\/div><\/p>\n","protected":false},"excerpt":{"rendered":"<p>El m&aacute;s grande. Aquel de quien nunca se dud&oacute; jam&aacute;s, por otra parte. Cada tanto le rend&iacute;an homenaje. Se hablaba de &eacute;l un poco en pasado. Era un error, claro. Testarudo, Tati ten&iacute;a sus ideas sobre todo, y hac&iacute;a proyectos quim&eacute;ricos. Ideas sobre el cine &ndash;estaba listo para batirse en favor del cortometraje, no quer&iacute;a que el cine pierda su lado artesanal&ndash; y planes para films futuros. El &uacute;ltimo se llamaba Confusi&oacute;n. Tati ya no pose&iacute;a nada m&aacute;s que su nombre y unas cuantas obras maestras en su haber cuyos derechos no le pertenec&iacute;an. El desastre financiero de Playtime lo hab&iacute;a arruinado. Nunca se recuper&oacute;, pero a los que le dec&iacute;an que el film era bueno &ndash;uno de los mejores&ndash; les respond&iacute;a: &laquo;Tuve raz&oacute;n, &iquest;no?&raquo;. Lo vuelvo  [&#8230;]<\/p>\n","protected":false},"author":82,"featured_media":0,"comment_status":"open","ping_status":"open","sticky":false,"template":"","format":"standard","meta":{"jetpack_post_was_ever_published":false,"_jetpack_newsletter_access":"","_jetpack_dont_email_post_to_subs":false,"_jetpack_newsletter_tier_id":0,"_jetpack_memberships_contains_paywalled_content":false,"_jetpack_memberships_contains_paid_content":false,"footnotes":"","jetpack_publicize_message":"","jetpack_publicize_feature_enabled":true,"jetpack_social_post_already_shared":false,"jetpack_social_options":{"image_generator_settings":{"template":"highway","default_image_id":0,"font":"","enabled":false},"version":2}},"categories":[79],"tags":[110,83],"class_list":["post-1016","post","type-post","status-publish","format-standard","hentry","category-cine","tag-daney","tag-tati"],"jetpack_publicize_connections":[],"jetpack_featured_media_url":"","jetpack_shortlink":"https:\/\/wp.me\/p6kHv-go","jetpack_sharing_enabled":true,"jetpack-related-posts":[{"id":12662,"url":"https:\/\/www.edder.org\/?p=12662","url_meta":{"origin":1016,"position":0},"title":"Tati aujourd&#8217;hui","author":"Eder","date":"jueves, 31 Dic, 2015","format":false,"excerpt":"Tati dans les villes. Les villes de Tati. Tati aujourd'hui. Berlin, d\u00e9cembre 2015. L'ancien a\u00e9roport de Tempelhof ouvert aux migrants. \u00a0","rel":"","context":"En \u00abArtes\u00bb","block_context":{"text":"Artes","link":"https:\/\/www.edder.org\/?cat=85"},"img":{"alt_text":"","src":"https:\/\/i0.wp.com\/www.edder.org\/upload\/2015\/12\/tativille-copia.jpg?resize=350%2C200&ssl=1","width":350,"height":200},"classes":[]},{"id":761,"url":"https:\/\/www.edder.org\/?p=761","url_meta":{"origin":1016,"position":1},"title":"Tati and the flat TV","author":"Eder","date":"domingo, 4 Jul, 2010","format":false,"excerpt":"Al ver de nuevo Playtime, cuya edici\u00f3n en blu-ray tiene una definici\u00f3n excelente, reparo en algo que antes me hab\u00eda pasado inadvertido: el t\u00edo Tati no s\u00f3lo imagin\u00f3 en 1967 la fisonom\u00eda de todo un barrio parisino que a\u00fan tardar\u00eda unos a\u00f1os en aparecer \u2013la D\u00e9fense\u2013, sino que incluso imagin\u00f3\u2026","rel":"","context":"En \u00abCine\u00bb","block_context":{"text":"Cine","link":"https:\/\/www.edder.org\/?cat=79"},"img":{"alt_text":"","src":"","width":0,"height":0},"classes":[]},{"id":12695,"url":"https:\/\/www.edder.org\/?p=12695","url_meta":{"origin":1016,"position":2},"title":"Echar un drink (the Scola-Tati connection)","author":"Eder","date":"lunes, 25 Ene, 2016","format":false,"excerpt":"Echar un drink de scotch en un glass:","rel":"","context":"En \u00abCine\u00bb","block_context":{"text":"Cine","link":"https:\/\/www.edder.org\/?cat=79"},"img":{"alt_text":"","src":"","width":0,"height":0},"classes":[]},{"id":2687,"url":"https:\/\/www.edder.org\/?p=2687","url_meta":{"origin":1016,"position":3},"title":"Filmarlo todo","author":"Eder","date":"s\u00e1bado, 3 Nov, 2012","format":false,"excerpt":"","rel":"","context":"En \u00abCine\u00bb","block_context":{"text":"Cine","link":"https:\/\/www.edder.org\/?cat=79"},"img":{"alt_text":"","src":"","width":0,"height":0},"classes":[]},{"id":13123,"url":"https:\/\/www.edder.org\/?p=13123","url_meta":{"origin":1016,"position":4},"title":"Rivette recomienda","author":"Eder","date":"domingo, 7 Ago, 2016","format":false,"excerpt":"Jacques Rivette: una modesta recomendaci\u00f3n\u2026","rel":"","context":"En \u00abCine\u00bb","block_context":{"text":"Cine","link":"https:\/\/www.edder.org\/?cat=79"},"img":{"alt_text":"","src":"https:\/\/i0.wp.com\/www.edder.org\/upload\/2016\/08\/rr.jpg?resize=350%2C200&ssl=1","width":350,"height":200},"classes":[]},{"id":53,"url":"https:\/\/www.edder.org\/?p=53","url_meta":{"origin":1016,"position":5},"title":"Con Lacan y en la CAN","author":"Eder","date":"viernes, 21 Abr, 2006","format":false,"excerpt":"Con Lacan. \u00bfSab\u00eda usted que lo navarristas que tan acerbamente tiran contra los catalanistas, est\u00e1n hechos de la madera ideol\u00f3gica de Jes\u00fas Aizp\u00fan Tuero, descendiente del hist\u00f3rico pol\u00edtico navarro Rafael Aizp\u00fan Santaf\u00e9, que curs\u00f3 estudios en Barcelona, donde frecuent\u00f3 a ilustres figuras del catalanismo que informar\u00edan el navarrismo del padre,\u2026","rel":"","context":"En \u00abNA\u00bb","block_context":{"text":"NA","link":"https:\/\/www.edder.org\/?cat=3"},"img":{"alt_text":"","src":"","width":0,"height":0},"classes":[]}],"jetpack_likes_enabled":true,"_links":{"self":[{"href":"https:\/\/www.edder.org\/index.php?rest_route=\/wp\/v2\/posts\/1016","targetHints":{"allow":["GET"]}}],"collection":[{"href":"https:\/\/www.edder.org\/index.php?rest_route=\/wp\/v2\/posts"}],"about":[{"href":"https:\/\/www.edder.org\/index.php?rest_route=\/wp\/v2\/types\/post"}],"author":[{"embeddable":true,"href":"https:\/\/www.edder.org\/index.php?rest_route=\/wp\/v2\/users\/82"}],"replies":[{"embeddable":true,"href":"https:\/\/www.edder.org\/index.php?rest_route=%2Fwp%2Fv2%2Fcomments&post=1016"}],"version-history":[{"count":0,"href":"https:\/\/www.edder.org\/index.php?rest_route=\/wp\/v2\/posts\/1016\/revisions"}],"wp:attachment":[{"href":"https:\/\/www.edder.org\/index.php?rest_route=%2Fwp%2Fv2%2Fmedia&parent=1016"}],"wp:term":[{"taxonomy":"category","embeddable":true,"href":"https:\/\/www.edder.org\/index.php?rest_route=%2Fwp%2Fv2%2Fcategories&post=1016"},{"taxonomy":"post_tag","embeddable":true,"href":"https:\/\/www.edder.org\/index.php?rest_route=%2Fwp%2Fv2%2Ftags&post=1016"}],"curies":[{"name":"wp","href":"https:\/\/api.w.org\/{rel}","templated":true}]}}