{"id":101,"date":"2007-05-25T20:08:19","date_gmt":"2007-05-25T18:08:19","guid":{"rendered":"https:\/\/www.edder.org\/?p=101"},"modified":"2018-07-27T16:38:30","modified_gmt":"2018-07-27T14:38:30","slug":"la-foto-del-millon","status":"publish","type":"post","link":"https:\/\/www.edder.org\/?p=101","title":{"rendered":"La foto del mill\u00f3n"},"content":{"rendered":"<p>A esta hora \u2013ya tard\u00eda\u2013 en que escribo no veo a Miguel Sanz en el debate de los candidatos a la presidencia del Gobierno que discurre en el televisor. No habr\u00e1 querido rebajarse a contrastar sus ideas con las de cualquiera. A esta hora en que escribo, se masca la inminencia, se nota cierto nerviosismo y, si adem\u00e1s Miguel Sanz escurre el bulto, no se van a o\u00edr ya muchas tonter\u00edas m\u00e1s, aunque alguna traca final tendr\u00e1 que estallar. Lo que va a ser dif\u00edcil ya es o\u00edr tonter\u00edas a la altura de las que se han escuchado, y a qu\u00e9 precio, en el Congreso Internacional Vive las Verduras, organizado por el Gobierno de Navarra y celebrado en el Baluarte durante esta semana que se va. A falta de la foto electoral con Vargas Llosa en el congreso barojiano que no pudo ser, hemos tenido la foto de Sanz con un fil\u00f3sofo de la talla de Ferran Adri\u00e0. La foto fue en la entrega del Premio Internacional de Gastronom\u00eda Reyno de Navarra, de reciente, si no de electoral creaci\u00f3n. El premio, cercano a los siete millones de las antiguas pesetas, era apetitoso, as\u00ed que el se\u00f1or Adri\u00e0 y otros fil\u00f3sofos de casi su talla, disertaron con entusiasmo en las ex\u00f3ticas jornadas de la verdura y la arquitectura sobre la deconstrucci\u00f3n e inconstrucci\u00f3n de la lenteja, para llegar a la estimulante conclusi\u00f3n de que la verdura aut\u00f3ctona ha de ser nuestro Guggenheim. Despu\u00e9s, como bonito colof\u00f3n o broche de oro a las jornadas, el conocido fil\u00f3sofo catal\u00e1n se hizo una foto de cerca de siete millones de pesetas con el candidato que, l\u00f3gicamente, despu\u00e9s de tratar con intelectuales de esa talla, no se rebaja a ir a un debate televisivo cualquiera. Adri\u00e0 fuese y no hubo m\u00e1s. No preguntar\u00e9 por el precio del congreso, porque a\u00fan estoy esperando el de la manifestaci\u00f3n gubernamental que organiz\u00f3 el candidato ausente del debate. Tampoco espero ya m\u00e1s detalles de los gastos \u2013preelectorales\u2013 de la fastuosa exposici\u00f3n del comisario Arbeloa en ese templo del saber filos\u00f3fico que es el Baluarte. S\u00f3lo espero la traca final.<\/p>\n<div align=\"right\">Publicado en <a target=\"blank\" href=\"http:\/\/www.noticiasdenavarra.com\/ediciones\/2007\/05\/25\/opinion\/contra.php\">Diario de Noticias<\/a><img class=\"lazyload\" decoding=\"async\" align=\"right\" title=\"dn\" alt=\"dn\" src=\"data:image\/gif;base64,R0lGODlhAQABAAAAACH5BAEKAAEALAAAAAABAAEAAAICTAEAOw==\" data-orig-src=\"https:\/\/www.edder.org\/images\/dn.gif\" \/><\/div>\n","protected":false},"excerpt":{"rendered":"<p>A esta hora \u2013ya tard\u00eda\u2013 en que escribo no veo a Miguel Sanz en el debate de los candidatos a la presidencia del Gobierno que discurre en el televisor. No habr\u00e1 querido rebajarse a contrastar sus ideas con las de cualquiera. A esta hora en que escribo, se masca la inminencia, se nota cierto nerviosismo y, si adem\u00e1s Miguel Sanz escurre el bulto, no se van a o\u00edr ya muchas tonter\u00edas m\u00e1s, aunque alguna traca final tendr\u00e1 que estallar. Lo que va a ser dif\u00edcil ya es o\u00edr tonter\u00edas a la altura de las que se han escuchado, y a qu\u00e9 precio, en el Congreso Internacional Vive las Verduras, organizado por el Gobierno de Navarra y celebrado en el Baluarte durante esta semana que se va. A  [&#8230;]<\/p>\n","protected":false},"author":82,"featured_media":0,"comment_status":"open","ping_status":"open","sticky":false,"template":"","format":"standard","meta":{"jetpack_post_was_ever_published":false,"_jetpack_newsletter_access":"","_jetpack_dont_email_post_to_subs":false,"_jetpack_newsletter_tier_id":0,"_jetpack_memberships_contains_paywalled_content":false,"_jetpack_memberships_contains_paid_content":false,"footnotes":"","jetpack_publicize_message":"","jetpack_publicize_feature_enabled":true,"jetpack_social_post_already_shared":false,"jetpack_social_options":{"image_generator_settings":{"template":"highway","default_image_id":0,"font":"","enabled":false},"version":2}},"categories":[3],"tags":[],"class_list":["post-101","post","type-post","status-publish","format-standard","hentry","category-na"],"jetpack_publicize_connections":[],"jetpack_featured_media_url":"","jetpack_shortlink":"https:\/\/wp.me\/p6kHv-1D","jetpack_sharing_enabled":true,"jetpack-related-posts":[{"id":80,"url":"https:\/\/www.edder.org\/?p=80","url_meta":{"origin":101,"position":0},"title":"Las mentiras de los Sanz","author":"Eder","date":"viernes, 19 Ene, 2007","format":false,"excerpt":"Alguno de los Sanz miente. Alguno de los Sanz miente y no es Alejandro. O si Alejandro Sanz miente, all\u00e1 pel\u00edculas: el cantante no preside ning\u00fan gobierno auton\u00f3mico. Por su parte, parece m\u00e1s que comprobado que Miguel Sanz enton\u00f3 el pasado s\u00e1bado sentidas jotas de su repertorio en la localidad\u2026","rel":"","context":"En \u00abNA\u00bb","block_context":{"text":"NA","link":"https:\/\/www.edder.org\/?cat=3"},"img":{"alt_text":"","src":"","width":0,"height":0},"classes":[]},{"id":693,"url":"https:\/\/www.edder.org\/?p=693","url_meta":{"origin":101,"position":1},"title":"\u2018Hiyab\u2019 y \u2018burka\u2019, hoy y aqu\u00ed","author":"Eder","date":"viernes, 23 Abr, 2010","format":false,"excerpt":"Cuando se vaya, echaremos de menos \u2013como ahora echamos de m\u00e1s\u2013 a ese gran estadista que es Miguel Sanz. Si Sanz anda de por medio, enti\u00e9ndase por estadista al incondicional del equipo que sin falta acude al estadio para sufrir lo que le echen y m\u00e1s. Pues en menos de\u2026","rel":"","context":"En \u00abNA\u00bb","block_context":{"text":"NA","link":"https:\/\/www.edder.org\/?cat=3"},"img":{"alt_text":"","src":"","width":0,"height":0},"classes":[]},{"id":54,"url":"https:\/\/www.edder.org\/?p=54","url_meta":{"origin":101,"position":2},"title":"Erre que erre","author":"Eder","date":"viernes, 28 Abr, 2006","format":false,"excerpt":"","rel":"","context":"En \u00abNA\u00bb","block_context":{"text":"NA","link":"https:\/\/www.edder.org\/?cat=3"},"img":{"alt_text":"","src":"","width":0,"height":0},"classes":[]},{"id":433,"url":"https:\/\/www.edder.org\/?p=433","url_meta":{"origin":101,"position":3},"title":"Yes, they Can","author":"Eder","date":"viernes, 26 Jun, 2009","format":false,"excerpt":"Yes, they Can, o lo que es mismo: Sanz y Barcina seguir\u00e1n estando en la Can cuando el \u00faltimo pol\u00edtico que se vaya de Caja Navarra cierre la puerta. Es m\u00e1s: Sanz estar\u00eda en las altas esferas de Caja Navarra incluso en el poco veros\u00edmil supuesto de que hoy mismo\u2026","rel":"","context":"En \u00abNA\u00bb","block_context":{"text":"NA","link":"https:\/\/www.edder.org\/?cat=3"},"img":{"alt_text":"","src":"","width":0,"height":0},"classes":[]},{"id":35,"url":"https:\/\/www.edder.org\/?p=35","url_meta":{"origin":101,"position":4},"title":"El h\u00e1bito regener\u00f3 al monde","author":"Eder","date":"viernes, 6 Ene, 2006","format":false,"excerpt":"La desfachatez que ha llevado a Sanz \u2013Sanz Sesma\u2013 a interpretar la sentencia judicial por la que se anula la concesi\u00f3n de licencias de radio hecha en su d\u00eda por Sanz \u2013Sanz Barea\u2013 y Palacios como otro \u00e9xito del Gobierno de UPN \u2013otro m\u00e1s de la cascada incesante de \u00e9xitos\u2026","rel":"","context":"En \u00abNA\u00bb","block_context":{"text":"NA","link":"https:\/\/www.edder.org\/?cat=3"},"img":{"alt_text":"","src":"","width":0,"height":0},"classes":[]},{"id":93,"url":"https:\/\/www.edder.org\/?p=93","url_meta":{"origin":101,"position":5},"title":"La pertinaz sequ\u00eda","author":"Eder","date":"viernes, 30 Mar, 2007","format":false,"excerpt":"Ha habido en el \u00faltimo minuto una aut\u00e9ntica riada informativa sobre lo que cuesta un caf\u00e9. Por contra, cabe suponer que para compensar la riada, en esta tierra de secano seguimos con la pertinaz sequ\u00eda de noticias oficiales sobre el precio de la demostraci\u00f3n p\u00fablica de navarr\u00edsimo navarrismo organizada hace\u2026","rel":"","context":"En \u00abNA\u00bb","block_context":{"text":"NA","link":"https:\/\/www.edder.org\/?cat=3"},"img":{"alt_text":"","src":"","width":0,"height":0},"classes":[]}],"jetpack_likes_enabled":true,"_links":{"self":[{"href":"https:\/\/www.edder.org\/index.php?rest_route=\/wp\/v2\/posts\/101","targetHints":{"allow":["GET"]}}],"collection":[{"href":"https:\/\/www.edder.org\/index.php?rest_route=\/wp\/v2\/posts"}],"about":[{"href":"https:\/\/www.edder.org\/index.php?rest_route=\/wp\/v2\/types\/post"}],"author":[{"embeddable":true,"href":"https:\/\/www.edder.org\/index.php?rest_route=\/wp\/v2\/users\/82"}],"replies":[{"embeddable":true,"href":"https:\/\/www.edder.org\/index.php?rest_route=%2Fwp%2Fv2%2Fcomments&post=101"}],"version-history":[{"count":0,"href":"https:\/\/www.edder.org\/index.php?rest_route=\/wp\/v2\/posts\/101\/revisions"}],"wp:attachment":[{"href":"https:\/\/www.edder.org\/index.php?rest_route=%2Fwp%2Fv2%2Fmedia&parent=101"}],"wp:term":[{"taxonomy":"category","embeddable":true,"href":"https:\/\/www.edder.org\/index.php?rest_route=%2Fwp%2Fv2%2Fcategories&post=101"},{"taxonomy":"post_tag","embeddable":true,"href":"https:\/\/www.edder.org\/index.php?rest_route=%2Fwp%2Fv2%2Ftags&post=101"}],"curies":[{"name":"wp","href":"https:\/\/api.w.org\/{rel}","templated":true}]}}