{"id":100,"date":"2007-05-18T08:36:09","date_gmt":"2007-05-18T06:36:09","guid":{"rendered":"https:\/\/www.edder.org\/?p=100"},"modified":"2018-07-27T16:38:30","modified_gmt":"2018-07-27T14:38:30","slug":"aburridos-de-esperar-el-fin","status":"publish","type":"post","link":"https:\/\/www.edder.org\/?p=100","title":{"rendered":"Aburridos de esperar el fin"},"content":{"rendered":"<p>Ahora que la media de velocidad alcanzada por el presidente Sanz en su supers\u00f3nico viaje a ras de suelo da de qu\u00e9 hablar, c\u00f3mo no acordarse de los Ilegales hacia 1984. Recuerdo que la canci\u00f3n de la que ahora nos acordamos ???aquella de ???soy un macarra, soy un hortera, voy a toda hostia por la carretera??????, estaba en su segundo LP, <em>Agotados de esperar el fin<\/em>. No s\u00e9 si la gracia fanfarrona de Sanz ???la de haberse puesto en Allo en 20 minutos, a una media de 156 km\/h, para lo que en alg\u00fan momento tendr\u00eda que rebasar los 200??? es un s\u00edntoma de su pr\u00f3ximo fin como presidente de ???los buenos navarros???. Los buenos navarros ser\u00e1n hoy los que le r\u00edan la gracia. A los malos nos queda pagar a escote el combustible quemado en su mete\u00f3rico trayecto, as\u00ed como las manifestaciones gubernamentales que organiza ???de cuyo importe seguimos sin la menor noci\u00f3n???. Nos queda eso y no re\u00edrle sus tristes gracias. La gracia de Sanz ??????no nos ha parado la polic\u00eda??? (risas de los buenos navarros que acudieron al mitin para celebrar su humor, m\u00e1s siniestro que negro)??? es tan triste como las gracias sin chiste del que fuera presidente de todos los ???buenos espa\u00f1oles???. A las tristes gracias de Aznar sobre el vino y la velocidad me refiero, s\u00ed. Esas siniestras gracias que le rieron los buenos bodegueros. Por lo dem\u00e1s, la gracia con que Aznar se ha zambullido en la pr\u00e1ctica de idiomas, no dista mucho del prop\u00f3sito expresado por Sanz en campa\u00f1a electoral de convertirnos a todos ???buenos y malos navarros???, caso de guiar en una pr\u00f3xima legislatura nuestros designios, en un poco m\u00e1s <em>british<\/em>. Como si ese fuera ???v\u00e9ase el deplorable ejemplo de Aznar??? nada m\u00e1s que cuesti\u00f3n de desparpajo y desfachatez. En cuanto a desfachatez, Sanz ha llegado hace rato al punto alcanzado por Aznar en su pat\u00e9tico papel de presidente despresidenciado. Y visto lo desgraciado de su presunta gracia, no nos queda m\u00e1s que recordar a los Ilegales: aburridos de esperar el fin, quieran los dioses misericordiosos que no por siempre.<\/p>\n<div align=\"right\">Publicado en <a target=\"blank\" href=\"http:\/\/www.noticiasdenavarra.com\/ediciones\/2007\/05\/18\/opinion\/contra.php\">Diario de Noticias<\/a><img class=\"lazyload\" decoding=\"async\" align=\"right\" title=\"dn\" alt=\"dn\" src=\"data:image\/gif;base64,R0lGODlhAQABAAAAACH5BAEKAAEALAAAAAABAAEAAAICTAEAOw==\" data-orig-src=\"https:\/\/www.edder.org\/images\/dn.gif\" \/><\/div>\n","protected":false},"excerpt":{"rendered":"<p>Ahora que la media de velocidad alcanzada por el presidente Sanz en su supers\u00f3nico viaje a ras de suelo da de qu\u00e9 hablar, c\u00f3mo no acordarse de los Ilegales hacia 1984. Recuerdo que la canci\u00f3n de la que ahora nos acordamos ???aquella de ???soy un macarra, soy un hortera, voy a toda hostia por la carretera??????, estaba en su segundo LP, Agotados de esperar el fin. No s\u00e9 si la gracia fanfarrona de Sanz ???la de haberse puesto en Allo en 20 minutos, a una media de 156 km\/h, para lo que en alg\u00fan momento tendr\u00eda que rebasar los 200??? es un s\u00edntoma de su pr\u00f3ximo fin como presidente de ???los buenos navarros???. Los buenos navarros ser\u00e1n hoy los que le r\u00edan la gracia. A los malos  [&#8230;]<\/p>\n","protected":false},"author":82,"featured_media":0,"comment_status":"open","ping_status":"open","sticky":false,"template":"","format":"standard","meta":{"jetpack_post_was_ever_published":false,"_jetpack_newsletter_access":"","_jetpack_dont_email_post_to_subs":false,"_jetpack_newsletter_tier_id":0,"_jetpack_memberships_contains_paywalled_content":false,"_jetpack_memberships_contains_paid_content":false,"footnotes":"","jetpack_publicize_message":"","jetpack_publicize_feature_enabled":true,"jetpack_social_post_already_shared":false,"jetpack_social_options":{"image_generator_settings":{"template":"highway","default_image_id":0,"font":"","enabled":false},"version":2}},"categories":[3],"tags":[],"class_list":["post-100","post","type-post","status-publish","format-standard","hentry","category-na"],"jetpack_publicize_connections":[],"jetpack_featured_media_url":"","jetpack_shortlink":"https:\/\/wp.me\/p6kHv-1C","jetpack_sharing_enabled":true,"jetpack-related-posts":[{"id":255,"url":"https:\/\/www.edder.org\/?p=255","url_meta":{"origin":100,"position":0},"title":"N\u00e9potisme \u00e0 la navarroise","author":"Eder","date":"viernes, 13 Feb, 2009","format":false,"excerpt":"Tan joven \u2013el presidente Sanz, digo\u2013 y ya todo un geront\u00f3crata, como Aizp\u00fan en su ancianidad. No soy el \u00fanico navarro que ha tenido ocasi\u00f3n de avergonzarse en lo que va de semana al menos dos veces de nuestro gerontocr\u00e1tico presidente. La primera ocasi\u00f3n de pasar verg\u00fcenza ajena se nos\u2026","rel":"","context":"En \u00abNA\u00bb","block_context":{"text":"NA","link":"https:\/\/www.edder.org\/?cat=3"},"img":{"alt_text":"","src":"","width":0,"height":0},"classes":[]},{"id":92,"url":"https:\/\/www.edder.org\/?p=92","url_meta":{"origin":100,"position":1},"title":"Rabiosa electoral","author":"Eder","date":"viernes, 23 Mar, 2007","format":false,"excerpt":"A poco que Sanz siga adelante con la astracanada que viene representando desde hace una semana en los m\u00e1s diversos escenarios ???con un \u00e9xito de cr\u00edtica y p\u00fablico sin precedentes???, va a terminar convenci\u00e9ndonos de que su talento para el g\u00e9nero chusco es una cosa por dem\u00e1s. O nos convence\u2026","rel":"","context":"En \u00abNA\u00bb","block_context":{"text":"NA","link":"https:\/\/www.edder.org\/?cat=3"},"img":{"alt_text":"","src":"","width":0,"height":0},"classes":[]},{"id":103,"url":"https:\/\/www.edder.org\/?p=103","url_meta":{"origin":100,"position":2},"title":"Cambiazo","author":"Eder","date":"viernes, 8 Jun, 2007","format":false,"excerpt":"Si descartamos que el repentino ataque de sensatez sufrido en horas recientes por Miguel Sanz se deba a alg\u00fan accidente neurol\u00f3gico, no nos queda m\u00e1s que aceptar que la sensatez, de la que ahora parece dispuesto a dar muestras a manos llenas, es una de las virtudes constitutivas de su\u2026","rel":"","context":"En \u00abNA\u00bb","block_context":{"text":"NA","link":"https:\/\/www.edder.org\/?cat=3"},"img":{"alt_text":"","src":"","width":0,"height":0},"classes":[]},{"id":657,"url":"https:\/\/www.edder.org\/?p=657","url_meta":{"origin":100,"position":3},"title":"14 de abril, D\u00eda de la Rep\u00fablica","author":"Eder","date":"mi\u00e9rcoles, 14 Abr, 2010","format":false,"excerpt":"El Gobierno de Navarra, hoy, 14 de abril de 2010. Procesi\u00f3n y misa en el Palacio de Navarra, sede del Ejecutivo navarro: Noticia e im\u00e1genes de la NA-DA foral. Procesi\u00f3n y misa en el Parlamento de Navarra, sede del Legislativo navarro: Noticia e im\u00e1genes. En este momento no disponemos de\u2026","rel":"","context":"En \u00abNA\u00bb","block_context":{"text":"NA","link":"https:\/\/www.edder.org\/?cat=3"},"img":{"alt_text":"","src":"https:\/\/i0.wp.com\/www.edder.org\/upload\/2010\/04\/gobierno.gif?resize=350%2C200&ssl=1","width":350,"height":200},"classes":[]},{"id":1259,"url":"https:\/\/www.edder.org\/?p=1259","url_meta":{"origin":100,"position":4},"title":"Dietas y r\u00e9gimen (foral)","author":"Eder","date":"viernes, 3 Dic, 2010","format":false,"excerpt":"Se va como vino el subsidio de paro de 426 euros que, seg\u00fan declaraciones hechas a la prensa por Miguel Sanz \u2013el que guarda sus \u201ccuatro perras\u201d en la CAN\u2013, daban para una cena, si es que daban para eso. Cuando el presidente foral dijo aquello, la prensa no hab\u00eda\u2026","rel":"","context":"En \u00abNA\u00bb","block_context":{"text":"NA","link":"https:\/\/www.edder.org\/?cat=3"},"img":{"alt_text":"","src":"","width":0,"height":0},"classes":[]},{"id":560,"url":"https:\/\/www.edder.org\/?p=560","url_meta":{"origin":100,"position":5},"title":"P&#8217;alante y p&#8217;atr\u00e1s","author":"Eder","date":"viernes, 8 Ene, 2010","format":false,"excerpt":"Seg\u00fan consta en la grabaci\u00f3n que por pura casualidad hice, y que conservo por tener una prueba que me confirme no haberlo so\u00f1ado, el pasado s\u00e1bado, d\u00eda dos de enero del a\u00f1o primero de la segunda d\u00e9cada del siglo XXI, a las veintiuna horas y cuarenta minutos, en una de\u2026","rel":"","context":"En \u00abNA\u00bb","block_context":{"text":"NA","link":"https:\/\/www.edder.org\/?cat=3"},"img":{"alt_text":"","src":"","width":0,"height":0},"classes":[]}],"jetpack_likes_enabled":true,"_links":{"self":[{"href":"https:\/\/www.edder.org\/index.php?rest_route=\/wp\/v2\/posts\/100","targetHints":{"allow":["GET"]}}],"collection":[{"href":"https:\/\/www.edder.org\/index.php?rest_route=\/wp\/v2\/posts"}],"about":[{"href":"https:\/\/www.edder.org\/index.php?rest_route=\/wp\/v2\/types\/post"}],"author":[{"embeddable":true,"href":"https:\/\/www.edder.org\/index.php?rest_route=\/wp\/v2\/users\/82"}],"replies":[{"embeddable":true,"href":"https:\/\/www.edder.org\/index.php?rest_route=%2Fwp%2Fv2%2Fcomments&post=100"}],"version-history":[{"count":0,"href":"https:\/\/www.edder.org\/index.php?rest_route=\/wp\/v2\/posts\/100\/revisions"}],"wp:attachment":[{"href":"https:\/\/www.edder.org\/index.php?rest_route=%2Fwp%2Fv2%2Fmedia&parent=100"}],"wp:term":[{"taxonomy":"category","embeddable":true,"href":"https:\/\/www.edder.org\/index.php?rest_route=%2Fwp%2Fv2%2Fcategories&post=100"},{"taxonomy":"post_tag","embeddable":true,"href":"https:\/\/www.edder.org\/index.php?rest_route=%2Fwp%2Fv2%2Ftags&post=100"}],"curies":[{"name":"wp","href":"https:\/\/api.w.org\/{rel}","templated":true}]}}